{"id":25214,"date":"1970-01-01T01:00:00","date_gmt":"1970-01-01T00:00:00","guid":{"rendered":"https:\/\/theworldwidejournal.com\/1970\/01\/01\/el-pp-se-queda-definitivamente-sin-grupo-propio-en-el-parlamento-catalan\/"},"modified":"1970-01-01T01:00:00","modified_gmt":"1970-01-01T00:00:00","slug":"el-pp-se-queda-definitivamente-sin-grupo-propio-en-el-parlamento-catalan","status":"publish","type":"post","link":"https:\/\/theworldwidejournal.com\/?p=25214","title":{"rendered":"El PP se queda definitivamente sin grupo propio en el Parlamento catal\u00e1n"},"content":{"rendered":"<p>Los populares no tendr\u00e1n grupo propio en el Parlamento de Catalu\u00f1a. Definitivamente, el PP tendr\u00e1 que compartir el grupo mixto con la CUP, despu\u00e9s de que ni Cs ni el PSC hayan cedido temporalmente un esca\u00f1o al PP para formar grupo propio. Las pocas opciones que les quedaban al PP, en las \u00faltimas horas, pasaban por llegar a un acuerdo con el PSC, pero este martes, los socialistas han constituido oficialmente el grupo parlamentario con los 17 esca\u00f1os obtenidos el 21-D (PSC-Units), por lo que la puerta del PSC para el PP, tras la negativa de Cs, ha quedado cerrada. Por si hubiera alguna duda al respecto, desde Cs han reiterado que este tema est\u00e1 \u00abcerrado\u00bb. No habr\u00e1 cesi\u00f3n, aunque todav\u00eda no se ha constituido el grpo parlamentario, plazo que finaliza el lunes 29 de enero. As\u00ed lo ha indicado Carlos Carrizosa, portavoz de la formaci\u00f3n que lidera In\u00e9s Arrimadas en Catalu\u00f1a: \u00abPensaba que todo el mundo lo daba por cerrado. Nosotros lo damos por cerrado\u00bb. El PP y la CUP, subgrupos El PP y la CUP compartir\u00e1n grupo mixto -los antisistema descartaron pedir ayuda a Junts per Catalunya o ERC- y, por lo tanto, se constituir\u00e1n como subgrupos, tal y como recoge el Reglamento parlamentario. Los subgrupos tienen las mismas posibilidades de iniciativas parlamentarias, ajustadas a su representaci\u00f3n, pero tendr\u00e1n que compartir y repartirse algunos aspectos como los tiempos de intervenci\u00f3n en los plenos, el dinero de gesti\u00f3n del grupo o la representaci\u00f3n en las comisiones. Respecto a estas cuestiones, a falta de que la Mesa del Parlament establezca la distribuci\u00f3n de las comisiones, por ejemplo, lo m\u00e1s probable es que, en la mitad de la veintena de comisiones parlamentarias que se acabar\u00e1n creando, los independentistas (JpC, ERC y la CUP) sumar\u00e1n mayor\u00eda absoluta, y en la otra mitad, los independentistas no dispondr\u00e1n de esta mayor\u00eda. Por otro lado, en la Diputaci\u00f3n Permanente, el representante del grupo mixto ser\u00e1 el miembro que designe la CUP, de entre sus cuatro diputados, ya que al grupo mixto le corresponde un solo esca\u00f1o en esta comisi\u00f3n y la CUP tuvo m\u00e1s votos que el PP (algo menos de 10.000) en la cita electoral del 21-D. Adem\u00e1s del grupo del PSC-Units, tambi\u00e9n los comunes de CatCom\u00fa han formalizado en el Registro su grupo parlamentario con los ocho diputados obtenidos el 21-D. Son los dos \u00fanicos grupos pol\u00edticos que lo han hecho, a la espera de que JpC, ERC y Cs lo hagan en los pr\u00f3ximos d\u00edas.<br \/>\nVia: <a href=\"http:\/\/www.abc.es\/espana\/catalunya\/politica\/abci-pp-queda-definitivamente-sin-grupo-propio-parlament-y-compartira-grupo-mixto-201801231428_noticia.html\" target=\"_blank\">El PP se queda definitivamente sin grupo propio en el Parlamento catal\u00e1n<\/a><\/p>\n","protected":false},"excerpt":{"rendered":"<p>Los populares no tendr\u00e1n grupo propio en el Parlamento de Catalu\u00f1a. Definitivamente, el PP tendr\u00e1 que compartir el grupo mixto con la CUP, despu\u00e9s de que ni Cs ni el PSC hayan cedido temporalmente un esca\u00f1o al PP para formar grupo propio. Las pocas opciones que les quedaban al PP, [&hellip;]<\/p>\n","protected":false},"author":2,"featured_media":25215,"comment_status":"open","ping_status":"closed","sticky":false,"template":"","format":"standard","meta":{"footnotes":""},"categories":[6],"tags":[],"class_list":["post-25214","post","type-post","status-publish","format-standard","has-post-thumbnail","hentry","category-spanish"],"_links":{"self":[{"href":"https:\/\/theworldwidejournal.com\/index.php?rest_route=\/wp\/v2\/posts\/25214","targetHints":{"allow":["GET"]}}],"collection":[{"href":"https:\/\/theworldwidejournal.com\/index.php?rest_route=\/wp\/v2\/posts"}],"about":[{"href":"https:\/\/theworldwidejournal.com\/index.php?rest_route=\/wp\/v2\/types\/post"}],"author":[{"embeddable":true,"href":"https:\/\/theworldwidejournal.com\/index.php?rest_route=\/wp\/v2\/users\/2"}],"replies":[{"embeddable":true,"href":"https:\/\/theworldwidejournal.com\/index.php?rest_route=%2Fwp%2Fv2%2Fcomments&post=25214"}],"version-history":[{"count":0,"href":"https:\/\/theworldwidejournal.com\/index.php?rest_route=\/wp\/v2\/posts\/25214\/revisions"}],"wp:featuredmedia":[{"embeddable":true,"href":"https:\/\/theworldwidejournal.com\/index.php?rest_route=\/wp\/v2\/media\/25215"}],"wp:attachment":[{"href":"https:\/\/theworldwidejournal.com\/index.php?rest_route=%2Fwp%2Fv2%2Fmedia&parent=25214"}],"wp:term":[{"taxonomy":"category","embeddable":true,"href":"https:\/\/theworldwidejournal.com\/index.php?rest_route=%2Fwp%2Fv2%2Fcategories&post=25214"},{"taxonomy":"post_tag","embeddable":true,"href":"https:\/\/theworldwidejournal.com\/index.php?rest_route=%2Fwp%2Fv2%2Ftags&post=25214"}],"curies":[{"name":"wp","href":"https:\/\/api.w.org\/{rel}","templated":true}]}}