{"id":25216,"date":"1970-01-01T01:00:00","date_gmt":"1970-01-01T00:00:00","guid":{"rendered":"https:\/\/theworldwidejournal.com\/1970\/01\/01\/la-fiscalia-pide-mantener-en-prision-a-jordi-sanchez-y-joaquim-forn\/"},"modified":"1970-01-01T01:00:00","modified_gmt":"1970-01-01T00:00:00","slug":"la-fiscalia-pide-mantener-en-prision-a-jordi-sanchez-y-joaquim-forn","status":"publish","type":"post","link":"https:\/\/theworldwidejournal.com\/?p=25216","title":{"rendered":"La Fiscal\u00eda pide mantener en prisi\u00f3n a Jordi S\u00e1nchez y Joaquim Forn"},"content":{"rendered":"<p>La Fiscal\u00eda ha solicitado que se mantenga en prisi\u00f3n preventiva al expresidente de la ANC Jordi S\u00e0nchez, diputado electo de Junts per Catalu\u00f1a, y al exconsejero de la Generalitat Joaquim Forn, con la intenci\u00f3n de que no entorpezcan la investigaci\u00f3n por rebeli\u00f3n a los l\u00edderes independentistas. Ambos renunciaron ante el juez a la v\u00eda unilateral, al enfrentamiento con el Estado para alcanzar la independencia, para recurrir su situaci\u00f3n y quedar en libertad. El Ministerio P\u00fablico considera insuficiente los alegatos de los investigados por empujar hacia la secesi\u00f3n por las v\u00edas ilegales, seg\u00fan han informado fuentes fiscales. El juez y la Fiscal\u00eda apreciaron que existe riesgo de que los imputados reiteren en los delitos, el principal motivo por el que fueron encarcelados. El juez del Tribunal Supremo, Pablo Llarena, tiene la palabra y resolver\u00e1 los recursos. Seg\u00fan ha podido saber ABC, la Fiscal\u00eda considera que el riesgo de reiteraci\u00f3n contin\u00faa vigente, raz\u00f3n por la que deber\u00eda mantenerse el encarcelamiento preventivo. Cuando confirm\u00f3 la prisi\u00f3n, el juez Llarena vincul\u00f3 a S\u00e0nchez y a Forn con los brotes de violencia que existieron en el proceso independentista ilegal, en el acoso a la Guardia Civil del 20 de septiembre y en el refer\u00e9ndum ilegal del 1 de octubre, al incitar el enfrentamiento de la sociedad con el Estado. El magistrado se\u00f1alaba expresamente que sus aportaciones estaban \u00abdirectamente vinculadas a una explosi\u00f3n violenta que, de reiterarse, no deja margen de correcci\u00f3n o de satisfacci\u00f3n a quienes se vean alcanzados por ella\u00bb. \u00abEl riesgo de reiteraci\u00f3n de sus conductas -a\u00f1ad\u00eda el magistrado- impone a este instructor un mayor grado de rigor y cautela, a la hora de conjugar el derecho a la libertad de los investigados y el derecho de la comunidad de poder desarrollar su actividad cotidiana en un contexto despojado de cualquier riesgo previsible de soportar comportamientos que lesionen de manera irreparable, no s\u00f3lo su convivencia social o familiar, as\u00ed como el libre desarrollo econ\u00f3mico y laboral, sino la propia integridad f\u00edsica\u00bb, se\u00f1alaba el auto del juez Llarena. Los dos \u00abJordis\u00bb (S\u00e0nchez y Cuixart, el l\u00edder de \u00d2mnium \u00e9ste) y el exconsejero Forn, junto con el exvicepresidente Oriol Junqueras, son los \u00fanicos de la veintena de investigados que est\u00e1n en prisi\u00f3n preventiva, despu\u00e9s de que el pasado 4 de diciembre el instructor dejara en libertad bajo fianza de 100.000 euros a los otros seis exconsejeros que, como ellos, llevaban un mes en la c\u00e1rcel.<br \/>\nVia: <a href=\"http:\/\/www.abc.es\/espana\/abci-fiscalia-solicita-mantener-prision-jordi-sanchez-y-joaquim-forn-plan-independentista-ilegal-201801231243_noticia.html\" target=\"_blank\">La Fiscal\u00eda pide mantener en prisi\u00f3n a Jordi S\u00e1nchez y Joaquim Forn<\/a><\/p>\n","protected":false},"excerpt":{"rendered":"<p>La Fiscal\u00eda ha solicitado que se mantenga en prisi\u00f3n preventiva al expresidente de la ANC Jordi S\u00e0nchez, diputado electo de Junts per Catalu\u00f1a, y al exconsejero de la Generalitat Joaquim Forn, con la intenci\u00f3n de que no entorpezcan la investigaci\u00f3n por rebeli\u00f3n a los l\u00edderes independentistas. Ambos renunciaron ante el [&hellip;]<\/p>\n","protected":false},"author":2,"featured_media":25217,"comment_status":"open","ping_status":"closed","sticky":false,"template":"","format":"standard","meta":{"footnotes":""},"categories":[6],"tags":[],"class_list":["post-25216","post","type-post","status-publish","format-standard","has-post-thumbnail","hentry","category-spanish"],"_links":{"self":[{"href":"https:\/\/theworldwidejournal.com\/index.php?rest_route=\/wp\/v2\/posts\/25216","targetHints":{"allow":["GET"]}}],"collection":[{"href":"https:\/\/theworldwidejournal.com\/index.php?rest_route=\/wp\/v2\/posts"}],"about":[{"href":"https:\/\/theworldwidejournal.com\/index.php?rest_route=\/wp\/v2\/types\/post"}],"author":[{"embeddable":true,"href":"https:\/\/theworldwidejournal.com\/index.php?rest_route=\/wp\/v2\/users\/2"}],"replies":[{"embeddable":true,"href":"https:\/\/theworldwidejournal.com\/index.php?rest_route=%2Fwp%2Fv2%2Fcomments&post=25216"}],"version-history":[{"count":0,"href":"https:\/\/theworldwidejournal.com\/index.php?rest_route=\/wp\/v2\/posts\/25216\/revisions"}],"wp:featuredmedia":[{"embeddable":true,"href":"https:\/\/theworldwidejournal.com\/index.php?rest_route=\/wp\/v2\/media\/25217"}],"wp:attachment":[{"href":"https:\/\/theworldwidejournal.com\/index.php?rest_route=%2Fwp%2Fv2%2Fmedia&parent=25216"}],"wp:term":[{"taxonomy":"category","embeddable":true,"href":"https:\/\/theworldwidejournal.com\/index.php?rest_route=%2Fwp%2Fv2%2Fcategories&post=25216"},{"taxonomy":"post_tag","embeddable":true,"href":"https:\/\/theworldwidejournal.com\/index.php?rest_route=%2Fwp%2Fv2%2Ftags&post=25216"}],"curies":[{"name":"wp","href":"https:\/\/api.w.org\/{rel}","templated":true}]}}