{"id":25220,"date":"1970-01-01T01:00:00","date_gmt":"1970-01-01T00:00:00","guid":{"rendered":"https:\/\/theworldwidejournal.com\/1970\/01\/01\/sanchez-garantiza-el-apoyo-del-psoe-el-recurso-ante-el-tc-por-cataluna\/"},"modified":"1970-01-01T01:00:00","modified_gmt":"1970-01-01T00:00:00","slug":"sanchez-garantiza-el-apoyo-del-psoe-el-recurso-ante-el-tc-por-cataluna","status":"publish","type":"post","link":"https:\/\/theworldwidejournal.com\/?p=25220","title":{"rendered":"S\u00e1nchez garantiza el apoyo del PSOE el recurso ante el TC por Catalu\u00f1a"},"content":{"rendered":"<p>El secretario general del PSOE, Pedro S\u00e1nchez, ha anunciado este que su partido apoyar\u00e1 los recursos que el Gobierno presente ante el Tribunal Constitucional para \u00absalvaguardar la legalidad\u00bb en Catalu\u00f1a. S\u00e1nchez ha hecho este anuncio durante su intervenci\u00f3n en el Foro Joly en Sevilla, en la que ha defendido que en Catalu\u00f1a se tiene que abrir una legislatura constitucional, para lo que no puede haber al frente un presidente \u00abinconstitucional\u00bb y hay que pasar la \u00abp\u00e1gina negra\u00bb de (Carles) Puigdemont. Ha se\u00f1alado, adem\u00e1s, que si el independentismo quiere gobernar tendr\u00e1 que hacerlo \u00abpara el cien por cien de los catalanes y no s\u00f3lo para el 47 por ciento\u00bb, adem\u00e1s de \u00abvolver al Estatuto de Catalu\u00f1a y respetar la Constituci\u00f3n\u00bb. A la conferencia asiste la presidenta de la Junta y secretaria general del PSOE-A, Susana D\u00edaz, con quien se ha reunido S\u00e1nchez media hora antes de la convocatoria de este acto, en el que est\u00e1 acompa\u00f1ado por el secretario de Organizaci\u00f3n, Jos\u00e9 Luis \u00c1balos, junto a miembros de la Ejecutiva Federal, como los andaluces Carmen Calvo, Alfonso Rodr\u00edguez G\u00f3mez de Celis y Mar\u00eda Luisa Faneca, adem\u00e1s de Santos Cerd\u00e1n y Francisco Salazar, entre otros.<br \/>\nVia: <a href=\"http:\/\/www.abc.es\/espana\/abci-sanchez-garantiza-psoe-apoyara-recurso-ante-para-salvaguardar-legalidad-cataluna-201801231059_noticia.html\" target=\"_blank\">S\u00e1nchez garantiza el apoyo del PSOE el recurso ante el TC por Catalu\u00f1a<\/a><\/p>\n","protected":false},"excerpt":{"rendered":"<p>El secretario general del PSOE, Pedro S\u00e1nchez, ha anunciado este que su partido apoyar\u00e1 los recursos que el Gobierno presente ante el Tribunal Constitucional para \u00absalvaguardar la legalidad\u00bb en Catalu\u00f1a. S\u00e1nchez ha hecho este anuncio durante su intervenci\u00f3n en el Foro Joly en Sevilla, en la que ha defendido que [&hellip;]<\/p>\n","protected":false},"author":2,"featured_media":25221,"comment_status":"open","ping_status":"closed","sticky":false,"template":"","format":"standard","meta":{"footnotes":""},"categories":[6],"tags":[],"class_list":["post-25220","post","type-post","status-publish","format-standard","has-post-thumbnail","hentry","category-spanish"],"_links":{"self":[{"href":"https:\/\/theworldwidejournal.com\/index.php?rest_route=\/wp\/v2\/posts\/25220","targetHints":{"allow":["GET"]}}],"collection":[{"href":"https:\/\/theworldwidejournal.com\/index.php?rest_route=\/wp\/v2\/posts"}],"about":[{"href":"https:\/\/theworldwidejournal.com\/index.php?rest_route=\/wp\/v2\/types\/post"}],"author":[{"embeddable":true,"href":"https:\/\/theworldwidejournal.com\/index.php?rest_route=\/wp\/v2\/users\/2"}],"replies":[{"embeddable":true,"href":"https:\/\/theworldwidejournal.com\/index.php?rest_route=%2Fwp%2Fv2%2Fcomments&post=25220"}],"version-history":[{"count":0,"href":"https:\/\/theworldwidejournal.com\/index.php?rest_route=\/wp\/v2\/posts\/25220\/revisions"}],"wp:featuredmedia":[{"embeddable":true,"href":"https:\/\/theworldwidejournal.com\/index.php?rest_route=\/wp\/v2\/media\/25221"}],"wp:attachment":[{"href":"https:\/\/theworldwidejournal.com\/index.php?rest_route=%2Fwp%2Fv2%2Fmedia&parent=25220"}],"wp:term":[{"taxonomy":"category","embeddable":true,"href":"https:\/\/theworldwidejournal.com\/index.php?rest_route=%2Fwp%2Fv2%2Fcategories&post=25220"},{"taxonomy":"post_tag","embeddable":true,"href":"https:\/\/theworldwidejournal.com\/index.php?rest_route=%2Fwp%2Fv2%2Ftags&post=25220"}],"curies":[{"name":"wp","href":"https:\/\/api.w.org\/{rel}","templated":true}]}}