{"id":25288,"date":"1970-01-01T01:00:00","date_gmt":"1970-01-01T00:00:00","guid":{"rendered":"https:\/\/theworldwidejournal.com\/1970\/01\/01\/pedro-sanchez-se-inspira-en-andalucia-para-prometer-matricula-universitaria-gratuita\/"},"modified":"1970-01-01T01:00:00","modified_gmt":"1970-01-01T00:00:00","slug":"pedro-sanchez-se-inspira-en-andalucia-para-prometer-matricula-universitaria-gratuita","status":"publish","type":"post","link":"https:\/\/theworldwidejournal.com\/?p=25288","title":{"rendered":"Pedro S\u00e1nchez se \u00abinspira\u00bb en Andaluc\u00eda para prometer matr\u00edcula universitaria gratuita"},"content":{"rendered":"<p>Pedro S\u00e1nchez, el secretario general del PSOE reparti\u00f3 cordialidad de cara al p\u00fablico, gui\u00f1os a la presidenta de la Junta, Susana D\u00edaz, y la firme defensa de su proyecto pol\u00edtico para el PSOE federal y para el Gobierno de Espa\u00f1a. As\u00ed ha sido la intervenci\u00f3n de Pedro S\u00e1nchez en el Foro Joly que se ha celebrado en la ma\u00f1ana de este martes en Sevilla. El secretario federal del PSOE ten\u00eda muy medida su intervenci\u00f3n en la capital andaluza, una visita que aprovech\u00f3 para anunciar que plantear\u00e1 la gratuidad de la primera matr\u00edcula universitaria, una medida que propone inspir\u00e1ndose, seg\u00fan \u00e9l mismo ha dicho, en la medida que el Gobierno de Susana D\u00edaz aplica en Andaluc\u00eda sobre la gratuidad de las matr\u00edculas universitarias por asignaturas aprobadas. El dirigente socialista ha enmarcado esta medida en su propuesta de un pacto educativo en Espa\u00f1a, \u00abdonde la universidad p\u00fablica debe ser el centro de nuestras prioridades; ning\u00fan joven puede quedarse fuera de la universidad por el hecho de no poder afrontar el pago de la matr\u00edcula\u00bb. Hab\u00eda expectaci\u00f3n por el primer encuentro entre Susana D\u00edaz y Pedro S\u00e1nchez en seis meses. La presidenta acud\u00eda s\u00f3lo como invitada a este desayuno informativo pero los interlocutores de ambas partes decidieron un cambio de \u00faltima hora y ambos l\u00edderes socialistas han mantenido un encuentro privado en el que han hablado \u00abde cuestiones d e pol\u00edtica general\u00bb. Especial inter\u00e9s ha tenido el secretario federal del PSOE en ser conciliador con la presidenta andaluza, \u00abme gusta escucharla porque siempre suele atinar en sus reflexiones\u00bb, ha dicho S\u00e1nchez, quien se ha referido en varias ocasiones a Susana D\u00edaz, siempre en tono amable. Es m\u00e1s, al ser preguntado si cree que la presidenta andaluza volver\u00e1 a ganar las elecciones, tambi\u00e9n ha sido elogioso: \u00abEl voto es par quien se lo trabaja, y ella se lo est\u00e1 trabajando mucho y bien\u00bb. Tambi\u00e9n Susana D\u00edaz ha querido mantener el mismo talante. Ante los medios de comunicaci\u00f3n antes de reunirse con S\u00e1nchez, dej\u00f3 claro que tiene todo el \u00abapoyo de los socialistas de Andaluc\u00eda\u00bb. La financiaci\u00f3n La negociaci\u00f3n del nuevo modelo de financiaci\u00f3n auton\u00f3mica es una de las principales preocupaciones de Susana D\u00edaz y Pedro S\u00e1nchez se ha apresurado en dejar claro que su inter\u00e9s es que Andaluc\u00eda \u00abtenga la mejor financiaci\u00f3n de su historia\u00bb, al tiempo que ha avanzado que pedir\u00e1 que las tasas de paro computen en el nuevo modelo. Asimismo, ha considerado que debe ser el Consejo de Pol\u00edtica Fiscal y Financiera, el foro donde se cierren todos estos asuntos, \u00abaunque el PSOE federal est\u00e1 estableciendo un marco general para todas las comunidades aut\u00f3nomas\u00bb. Eso s\u00ed. Sobre el complejo t\u00e9rmino de plurinacionalidad que tanto ha defendido S\u00e1nchez y que levanta ampollas en Andaluc\u00eda, ha evitado pronunciarse. No ha querido el l\u00edder de los socialistas a nivel nacional entrar en ning\u00fan tipo de terreno pantanoso. Y mucho menos con la definici\u00f3n de Andaluc\u00eda, \u00abAndaluc\u00eda es lo que dice su Estatuto de Autonom\u00eda\u00bb, ha dicho evitando pronunciarse sobre un asunto en el que hay diferecias evidentes con Susana D\u00edaz. Ciudadanos Muy cr\u00edtico ha sido Pedro S\u00e1nchez con Ciudadanos, a pesar de que es el socio parlamentario de Susana D\u00edaz. S\u00e1nchez, que los ha situado en la \u00abderecha bic\u00e9fala\u00bb, ha reconocido no conocer \u00abel d\u00eda a d\u00eda de la pol\u00edtica andaluza\u00bb, pero ha negado que Susana D\u00edaz se sit\u00fae a la derecha de sus propuestas pol\u00edticas. \u00abTodos los socialistas queremos lo mismo y defendemos la igualdad\u00bb. Catalu\u00f1a Pedro S\u00e1nchez tambi\u00e9n se ha referido a Catalu\u00f1a y ha mostrado su \u00abtotal apoyo\u00bb al Gobierno central \u00abante cualquier recursos que vaya a presentar ante los tribunales\u00bb. En su opini\u00f3n, Puigdemont debe volver a la senda de la legalidad y la soberan\u00eda nacional no es, bajo ning\u00fan concepto, negociable para el PSOE.<br \/>\nVia: <a href=\"http:\/\/sevilla.abc.es\/andalucia\/sevi-pedro-sanchez-elige-sevilla-para-anunciar-matriculas-gratis-para-universidad-201801231219_noticia.html\" target=\"_blank\">Pedro S\u00e1nchez se \u00abinspira\u00bb en Andaluc\u00eda para prometer matr\u00edcula universitaria gratuita<\/a><\/p>\n","protected":false},"excerpt":{"rendered":"<p>Pedro S\u00e1nchez, el secretario general del PSOE reparti\u00f3 cordialidad de cara al p\u00fablico, gui\u00f1os a la presidenta de la Junta, Susana D\u00edaz, y la firme defensa de su proyecto pol\u00edtico para el PSOE federal y para el Gobierno de Espa\u00f1a. As\u00ed ha sido la intervenci\u00f3n de Pedro S\u00e1nchez en el [&hellip;]<\/p>\n","protected":false},"author":2,"featured_media":25289,"comment_status":"open","ping_status":"closed","sticky":false,"template":"","format":"standard","meta":{"footnotes":""},"categories":[6],"tags":[],"class_list":["post-25288","post","type-post","status-publish","format-standard","has-post-thumbnail","hentry","category-spanish"],"_links":{"self":[{"href":"https:\/\/theworldwidejournal.com\/index.php?rest_route=\/wp\/v2\/posts\/25288","targetHints":{"allow":["GET"]}}],"collection":[{"href":"https:\/\/theworldwidejournal.com\/index.php?rest_route=\/wp\/v2\/posts"}],"about":[{"href":"https:\/\/theworldwidejournal.com\/index.php?rest_route=\/wp\/v2\/types\/post"}],"author":[{"embeddable":true,"href":"https:\/\/theworldwidejournal.com\/index.php?rest_route=\/wp\/v2\/users\/2"}],"replies":[{"embeddable":true,"href":"https:\/\/theworldwidejournal.com\/index.php?rest_route=%2Fwp%2Fv2%2Fcomments&post=25288"}],"version-history":[{"count":0,"href":"https:\/\/theworldwidejournal.com\/index.php?rest_route=\/wp\/v2\/posts\/25288\/revisions"}],"wp:featuredmedia":[{"embeddable":true,"href":"https:\/\/theworldwidejournal.com\/index.php?rest_route=\/wp\/v2\/media\/25289"}],"wp:attachment":[{"href":"https:\/\/theworldwidejournal.com\/index.php?rest_route=%2Fwp%2Fv2%2Fmedia&parent=25288"}],"wp:term":[{"taxonomy":"category","embeddable":true,"href":"https:\/\/theworldwidejournal.com\/index.php?rest_route=%2Fwp%2Fv2%2Fcategories&post=25288"},{"taxonomy":"post_tag","embeddable":true,"href":"https:\/\/theworldwidejournal.com\/index.php?rest_route=%2Fwp%2Fv2%2Ftags&post=25288"}],"curies":[{"name":"wp","href":"https:\/\/api.w.org\/{rel}","templated":true}]}}