{"id":25290,"date":"1970-01-01T01:00:00","date_gmt":"1970-01-01T00:00:00","guid":{"rendered":"https:\/\/theworldwidejournal.com\/1970\/01\/01\/el-funcionario-de-prisiones-acusado-de-abusar-de-reclusas-niega-los-hechos\/"},"modified":"1970-01-01T01:00:00","modified_gmt":"1970-01-01T00:00:00","slug":"el-funcionario-de-prisiones-acusado-de-abusar-de-reclusas-niega-los-hechos","status":"publish","type":"post","link":"https:\/\/theworldwidejournal.com\/?p=25290","title":{"rendered":"El funcionario de prisiones acusado de abusar de reclusas niega los hechos"},"content":{"rendered":"<p>Un funcionario de prisiones juzgado este martes por delitos contra la integridad moral de varias reclusas de Alcal\u00e1 de Guada\u00edra, abusos sexuales a una y actividades prohibidas a funcionarios ha negado \u00abtodos\u00bb los cargos y denunciado que todo obedece a la \u00abanimadversi\u00f3n\u00bb de la directora de la c\u00e1rcel. El juicio, celebrado en la secci\u00f3n s\u00e9ptima de la Audiencia de Sevilla, ha quedado visto para sentencia tras o\u00edr los testimonios de tres de las cinco supuestas v\u00edctimas de L.F.A.G.. Al no contar con las otras dos el fiscal, ha retirado la acusaci\u00f3n por dos de los cinco delitos contra la integridad moral y ha rebajado de s iete a\u00f1os y medio a cinco a\u00f1os y medio la pena de prisi\u00f3n, adem\u00e1s de una multa de 7.600 euros y una indemnizaci\u00f3n de 2.500 euros para la v\u00edctima de abusos y mil para cada uno de las otras dos. La defensa pide la libre absoluci\u00f3n y ha esgrimido que en sus primeras declaraciones ante la inspecci\u00f3n penitenciaria tras abrirs\u00e9le expediente disciplinario ninguna denunciara nada y le enviaran \u00abcartas\u00bb y \u00abwhatsapp de apoyo\u00bb. Un comportamiento inadecuado Las tres v\u00edctimas que han declarado se han ratificado en los hechos, tales como que el acusado se meti\u00f3 en sus duchas, les ense\u00f1aba v\u00eddeos pornogr\u00e1ficos en su m\u00f3vil o las &#8220;provocaba&#8221; buscando contactos sexuales dej\u00e1ndose, por ejemplo, depilar en el patio. El acusado s\u00f3lo ha reconocido que regal\u00f3 postales y un CD a otra interna o que \u00abjugaba con ellas al bal\u00f3n prisionero\u00bb porque su funci\u00f3n no es s\u00f3lo de vigilancia sino de \u00abacompa\u00f1amiento\u00bb a personas que \u00abest\u00e1n necesitadas de tratamiento\u00bb y a las que ofreci\u00f3 su \u00abapoyo\u00bb, pese a que la directora de la c\u00e1rcel ha testificado que su comportamiento era \u00abinadecuado\u00bb y se lo hizo saber varias veces. Los hechos sucedieron entre 2013 y 2014 en la c\u00e1rcel de mujeres de Alcal\u00e1 de Guada\u00edra (Sevilla) en la que el acusado entr\u00f3 en 2012 tras siete a\u00f1os de excedencia voluntaria (desde noviembre de 2014 est\u00e1 suspendido). Atribuye la \u00abanimadversi\u00f3n\u00bb hacia \u00e9l de la direcci\u00f3n a su denuncia de que una funcionaria ocupaba un puesto que no le correspond\u00eda y a que le consideran instigador del escrito firmado por 56 funcionarios denunciando un presunto trato de favor a Isabel Pantoja cuando ingres\u00f3. Ha atribuido las denuncias de las reas a \u00abpresiones\u00bb de la directora, algo que las reclusas han negado rotundamente y una de ellas ha dicho que le ha perjudicado porque la trasladaron a Huelva, donde hay compa\u00f1eros del acusado que la \u00abestaban esperando\u00bb y a trav\u00e9s de los cuales le ha \u00abmandado varios recados\u00bb o \u00abamenazas\u00bb. Un compa\u00f1ero funcionario ha testificado que esta v\u00edctima le cont\u00f3 que la directora quer\u00eda que declarara contra \u00e9l y le coment\u00f3: \u00abYo s\u00f3lo tengo cosas que agradecerle\u00bb. \u00c9sta ha insistido este martes en el juicio en que el acusado se meti\u00f3 dos veces en su ducha, le \u00abtocaba el culo\u00bb en la cola de la comida y una vez la hizo al salir de una visita de sus padres, hecho ratificado en el juicio por su progenitor, a quien le \u00absent\u00f3 muy malamente\u00bb. En una ocasi\u00f3n le quit\u00f3 una carta de su novio y tras correr tras \u00e9l para recuperarla, estando solos en la capilla, le dijo que \u00abestar\u00eda dispuesto a que le hiciera una felaci\u00f3n\u00bb, le toc\u00f3 \u00ablos pechos por encima\u00bb e intent\u00f3 besarla, episodio que ha relatado afectada y ante el que reaccion\u00f3 d\u00e1ndole una \u00abguant\u00e1 en la cara\u00bb. Otra de las internas ha declarado por videoconferencia que el acusado le ha \u00abhecho mucho da\u00f1o\u00bb pues la llamaba \u00abmachorra\u00bb y \u00abtortillera de mierda\u00bb, mientras una tercera ha relatado que tambi\u00e9n se meti\u00f3 en su ducha y le dijo \u00abqu\u00e9 culo m\u00e1s bonito tienes\u00bb y en la celda \u00abpor la noche ven\u00eda en busca m\u00eda\u00bb. La directora de la c\u00e1rcel ha dicho que todo esto le llegaba por internas y funcionarios pero no lo pon\u00edan por escrito, por lo que inicialmene le apart\u00f3 de servicios en contacto directo con las reclusas y fue cuando una de ellas le habl\u00f3 directamente de sus \u00abconductas sexuales\u00bb cuando pudo \u00abactuar\u00bb. \u00abNunca he tenido ning\u00fan conflicto personal con \u00e9l, lo que he tenido son muchos consejos y mucha paciencia\u00bb, ha dicho tras calificar de \u00abescandaloso\u00bb, &#8220;inadecuado\u00bb y \u00abprohibidos\u00bb algunos comportamientos del acusado porque \u00abla relaci\u00f3n de autoridad con las internas tiene unas limitaciones, eso es de sentido com\u00fan\u00bb.<br \/>\nVia: <a href=\"http:\/\/sevilla.abc.es\/sevilla\/sevi-funcionario-prisiones-acusado-abusar-cinco-reclusas-prision-alcala-niega-hechos-201801231620_noticia.html\" target=\"_blank\">El funcionario de prisiones acusado de abusar de reclusas niega los hechos<\/a><\/p>\n","protected":false},"excerpt":{"rendered":"<p>Un funcionario de prisiones juzgado este martes por delitos contra la integridad moral de varias reclusas de Alcal\u00e1 de Guada\u00edra, abusos sexuales a una y actividades prohibidas a funcionarios ha negado \u00abtodos\u00bb los cargos y denunciado que todo obedece a la \u00abanimadversi\u00f3n\u00bb de la directora de la c\u00e1rcel. El juicio, [&hellip;]<\/p>\n","protected":false},"author":2,"featured_media":25291,"comment_status":"open","ping_status":"closed","sticky":false,"template":"","format":"standard","meta":{"footnotes":""},"categories":[6],"tags":[],"class_list":["post-25290","post","type-post","status-publish","format-standard","has-post-thumbnail","hentry","category-spanish"],"_links":{"self":[{"href":"https:\/\/theworldwidejournal.com\/index.php?rest_route=\/wp\/v2\/posts\/25290","targetHints":{"allow":["GET"]}}],"collection":[{"href":"https:\/\/theworldwidejournal.com\/index.php?rest_route=\/wp\/v2\/posts"}],"about":[{"href":"https:\/\/theworldwidejournal.com\/index.php?rest_route=\/wp\/v2\/types\/post"}],"author":[{"embeddable":true,"href":"https:\/\/theworldwidejournal.com\/index.php?rest_route=\/wp\/v2\/users\/2"}],"replies":[{"embeddable":true,"href":"https:\/\/theworldwidejournal.com\/index.php?rest_route=%2Fwp%2Fv2%2Fcomments&post=25290"}],"version-history":[{"count":0,"href":"https:\/\/theworldwidejournal.com\/index.php?rest_route=\/wp\/v2\/posts\/25290\/revisions"}],"wp:featuredmedia":[{"embeddable":true,"href":"https:\/\/theworldwidejournal.com\/index.php?rest_route=\/wp\/v2\/media\/25291"}],"wp:attachment":[{"href":"https:\/\/theworldwidejournal.com\/index.php?rest_route=%2Fwp%2Fv2%2Fmedia&parent=25290"}],"wp:term":[{"taxonomy":"category","embeddable":true,"href":"https:\/\/theworldwidejournal.com\/index.php?rest_route=%2Fwp%2Fv2%2Fcategories&post=25290"},{"taxonomy":"post_tag","embeddable":true,"href":"https:\/\/theworldwidejournal.com\/index.php?rest_route=%2Fwp%2Fv2%2Ftags&post=25290"}],"curies":[{"name":"wp","href":"https:\/\/api.w.org\/{rel}","templated":true}]}}