{"id":25292,"date":"1970-01-01T01:00:00","date_gmt":"1970-01-01T00:00:00","guid":{"rendered":"https:\/\/theworldwidejournal.com\/1970\/01\/01\/el-pp-elige-sevilla-y-abril-para-celebrar-convencion-nacional\/"},"modified":"1970-01-01T01:00:00","modified_gmt":"1970-01-01T00:00:00","slug":"el-pp-elige-sevilla-y-abril-para-celebrar-convencion-nacional","status":"publish","type":"post","link":"https:\/\/theworldwidejournal.com\/?p=25292","title":{"rendered":"El PP elige Sevilla y abril para celebrar convenci\u00f3n nacional"},"content":{"rendered":"<p>Sevilla acoger\u00e1 finalmente la Convenci\u00f3n Nacional del Partido Popular (PP), si bien ya no se celebrar\u00e1 en marzo como se anunci\u00f3 en un principio, sino los d\u00edas 6, 7 y 8 de abril, entre celebraci\u00f3n de la Semana Santa y la Feria de Abril, confirmaron a ABC fuentes del partido en la capital andaluza. La celebraci\u00f3n de esta convenci\u00f3n nacional en Andaluc\u00eda la anunci\u00f3 el presidente del PP Mariano Rajoy durante la \u00faltima reuni\u00f3n de la Junta Directiva del partido el pasado 15 de enero. No obstante, hab\u00eda dudas sobre si ser\u00eda Sevilla, provincia tradicionalmente fiel al PSOE, donde el partido ha sufrido una importante renovaci\u00f3n, o M\u00e1laga, feudo del partido popular y ciudad natal del presidente del PP andaluz, Juanma Moreno, la ciudad elegida . Finalmente el partido ha optado por la capital hispalense. Ser\u00e1 esta la segunda visita de Rajoy a la capital andaluza en pocos meses, tras su participaci\u00f3n el pasado find e semana en la conveci\u00f3n de distritos del PP de Sevilla, lo que supone una muestra de apoyo y da la clave de lo importante que desde las filas del PP consideran ganar posiciones en Andaluc\u00eda. M\u00e1s a\u00fan cuando se habla en todas las encuestas de la subida de Ciudadanos, que mantienen en la Junta al Gobierno de Susana D\u00edaz. Esta convenci\u00f3n tendr\u00e1 lugar con dos inc\u00f3gnitas abiertas, Por un lado, si finalmente Susana D\u00edaz har\u00e1 un adelanto electoral, algo de lo que se lleva semanas hablando y que muchos dan por hecho. Por otro lado, los nombres de los candidatos locales del PP para las elecciones, algo con lo que se especula, sobre todo en plazas como Sevilla (donde Beltr\u00e1n P\u00e9rez parece haber tomado posiciones de ventaja) o M\u00e1laga. Antes del congreso, en el fin de semana del 17 de marzo, Mariano Rajoy dar\u00e1 un mitin en M\u00e1laga, seg\u00fan fuentes del partido. Adem\u00e1s, desde el PP han anunciado que develar\u00e1n los candidatos a las alcald\u00edas de forma \u00abescalonada\u00bb. Los de las ciudades de menos de 20.000 habitantes se conocer\u00e1n en febrero; los del m\u00e1s de 20.000, se har\u00e1n p\u00fablicos en marzo. Y los de las grandes capitales se anunciar\u00e1n en abril, en la convenci\u00f3n nacional del PP en Sevilla.<br \/>\nVia: <a href=\"http:\/\/sevilla.abc.es\/andalucia\/sevi-pp-celebrara-convencion-nacional-sevilla-este-marzo-201801231300_noticia.html\" target=\"_blank\">El PP elige Sevilla y abril para celebrar convenci\u00f3n nacional<\/a><\/p>\n","protected":false},"excerpt":{"rendered":"<p>Sevilla acoger\u00e1 finalmente la Convenci\u00f3n Nacional del Partido Popular (PP), si bien ya no se celebrar\u00e1 en marzo como se anunci\u00f3 en un principio, sino los d\u00edas 6, 7 y 8 de abril, entre celebraci\u00f3n de la Semana Santa y la Feria de Abril, confirmaron a ABC fuentes del partido [&hellip;]<\/p>\n","protected":false},"author":2,"featured_media":25293,"comment_status":"open","ping_status":"closed","sticky":false,"template":"","format":"standard","meta":{"footnotes":""},"categories":[6],"tags":[],"class_list":["post-25292","post","type-post","status-publish","format-standard","has-post-thumbnail","hentry","category-spanish"],"_links":{"self":[{"href":"https:\/\/theworldwidejournal.com\/index.php?rest_route=\/wp\/v2\/posts\/25292","targetHints":{"allow":["GET"]}}],"collection":[{"href":"https:\/\/theworldwidejournal.com\/index.php?rest_route=\/wp\/v2\/posts"}],"about":[{"href":"https:\/\/theworldwidejournal.com\/index.php?rest_route=\/wp\/v2\/types\/post"}],"author":[{"embeddable":true,"href":"https:\/\/theworldwidejournal.com\/index.php?rest_route=\/wp\/v2\/users\/2"}],"replies":[{"embeddable":true,"href":"https:\/\/theworldwidejournal.com\/index.php?rest_route=%2Fwp%2Fv2%2Fcomments&post=25292"}],"version-history":[{"count":0,"href":"https:\/\/theworldwidejournal.com\/index.php?rest_route=\/wp\/v2\/posts\/25292\/revisions"}],"wp:featuredmedia":[{"embeddable":true,"href":"https:\/\/theworldwidejournal.com\/index.php?rest_route=\/wp\/v2\/media\/25293"}],"wp:attachment":[{"href":"https:\/\/theworldwidejournal.com\/index.php?rest_route=%2Fwp%2Fv2%2Fmedia&parent=25292"}],"wp:term":[{"taxonomy":"category","embeddable":true,"href":"https:\/\/theworldwidejournal.com\/index.php?rest_route=%2Fwp%2Fv2%2Fcategories&post=25292"},{"taxonomy":"post_tag","embeddable":true,"href":"https:\/\/theworldwidejournal.com\/index.php?rest_route=%2Fwp%2Fv2%2Ftags&post=25292"}],"curies":[{"name":"wp","href":"https:\/\/api.w.org\/{rel}","templated":true}]}}