{"id":25498,"date":"1970-01-01T01:00:00","date_gmt":"1970-01-01T00:00:00","guid":{"rendered":"https:\/\/theworldwidejournal.com\/1970\/01\/01\/la-tasa-de-paro-baja-al-1655-en-2017-la-menor-desde-el-ano-2008\/"},"modified":"1970-01-01T01:00:00","modified_gmt":"1970-01-01T00:00:00","slug":"la-tasa-de-paro-baja-al-1655-en-2017-la-menor-desde-el-ano-2008","status":"publish","type":"post","link":"https:\/\/theworldwidejournal.com\/?p=25498","title":{"rendered":"La tasa de paro baja al 16,55% en 2017, la menor desde el a\u00f1o 2008"},"content":{"rendered":"<p>Espa\u00f1a se encamina poco a poco a alcanzar los niveles de paro previos a la crisis. El n\u00famero de desempleados baj\u00f3 en 471.100 personas en 2017, hasta una tasa del 16,55%, que no se registraba en Espa\u00f1a desde 2008. Seg\u00fan la Encuesta de Poblaci\u00f3n Activa (EPA) publicada por el Instituto Nacional de Estad\u00edstica (INEA), en Espa\u00f1a se crearon 490.300 empleos en 2017, con un total de 18.998.400 afiliados y un crecimiento anual del 2,65% que encadena ya cuatro a\u00f1os seguidos de creaci\u00f3n de puestos de trabajo. Pese a los buenos datos de cierre del a\u00f1o, en el cuarto trimeste de 2017, el n\u00famero de desempleados subi\u00f3 en 34.900 personas con un porcentaje de desempleo 16 cent\u00e9simas mayor que en el trimestre anterior. Sin embargo, en el conjunto del a\u00f1o, esta tasa ha descendido en 2,09 puntos. Durante 2017, el paro disminuy\u00f3 en todos los sectores, empezando por los servicios (64.200 desempleados menos), la construcci\u00f3n (23.600) y la agricultura (18.600), mientras que la industria se mantuvo casi plana (200 m\u00e1s). No obstante, el principal descenso del desempleo se dio entre los parados de larga duraci\u00f3n (334.400), al tiempo que tambi\u00e9n se redujo el de aquellos que buscaban su primera oportunidad laboral (30.500). En funci\u00f3n del sexo, el descenso del paro fue mayor entre los hombres (274.400 menos) que entre las mujeres (196.700 menos), lo que dej\u00f3 un mayor n\u00famero de f\u00e9minas desempleadas (126.000 m\u00e1s), acorde con su mayor tasa de paro (18,35%), casi cuatro puntos superior a la masculina. El paro entre los j\u00f3venes de 16 a 24 a\u00f1os baj\u00f3 en 55.700 personas en el \u00faltimo trimestre, lo que deja la cifra total de parados en esta franja de edad en 558.200 frente a los 613.900 de finales de 2016. As\u00ed, la tasa de desempleados hasta 25 a\u00f1os termin\u00f3 el a\u00f1o en el 37,46%, lo que supone un ligero ascenso frente al tercer trimestre, cuando se qued\u00f3 en el 35,97%, pero cinco puntos menos que al finalizar 2016 cuando era del 42,92%. Durante 2017, el paro disminuy\u00f3 en todos los sectores, En cuanto a la ocupaci\u00f3n, el empleo aument\u00f3 durante 2017 en todos los sectores, pero principalmente en los servicios (289.700 personas m\u00e1s), seguido por la industria (132.200), la construcci\u00f3n (64.300) y la agricultura (4.000). El n\u00famero de aut\u00f3nomos disminuy\u00f3 en 45.400 personas (hasta los 3 millones), debido a la desaparici\u00f3n de casi 100.000 empleados sin asalariados o trabajadores independientes, ya que los empleadores aumentaron en 62.800. Adem\u00e1s, el n\u00famero de asalariados se increment\u00f3 en 537.100 personas, sobre todo con contrato indefinido (357.900 m\u00e1s) y, en menor medida, por los temporales (179.200 m\u00e1s), lo que dej\u00f3 la tasa de temporalidad al 26,71% La ocupaci\u00f3n en el sector p\u00fablico aument\u00f3 en 12.700 personas en el \u00faltimo trimestre del a\u00f1o, mientras que en el sector privado se redujo en 63.500. En el \u00faltimo a\u00f1o, el empleo se increment\u00f3 en 401.600 personas en el sector privado y en 88.600 en el p\u00fablico. El n\u00famero de ocupados aument\u00f3 en mayor medida que se recort\u00f3 el de desempleados debido a que la poblaci\u00f3n activa (ciudadanos que trabajan o buscan empleo) aument\u00f3 en 19.100 personas durante 2017, hasta alcanzar los 22.765.000 espa\u00f1oles. As\u00ed, la tasa de actividad baj\u00f3 hasta el 58,8 %, la m\u00e1s baja desde 2005. Navarra, la comunidad con menos desempleo En t\u00e9rminos relativos, las comunidades con mayor aumento trimestral del empleo son La Rioja (2,06%), Canarias (1,95%) y Pa\u00eds Vasco (1,19%). Y, por el contrario, los mayores descensos se observaron en Islas Baleares (-11,18%), Principado de Asturias (2,39%) y Castilla y Le\u00f3n (-2,12%). En t\u00e9rminos relativos, las comunidades con los mayores aumentos anuales del empleo son Canarias (5,51%), Andaluc\u00eda (4,44%) y Castilla-La Mancha (3,76%). En cambio, Principado de Asturias (1,36%), Cantabria (-1,35%) y Castilla y Le\u00f3n (-0,73%) aportan los mayores descensos. Las mayores bajadas del paro este trimestre se dan en Andaluc\u00eda (-45.000 parados), Comunitat Valenciana (17.200) y Pa\u00eds Vasco (-10.000). Los mayores incrementos se producen en Comunidad de Madrid (51.800 parados m\u00e1s), Castilla-La Mancha (15.500) e Islas Baleares (15.400). Navarra contabiliz\u00f3 la tasa de paro m\u00e1s baja (9,63%) y Extremadura, la m\u00e1s alta (25,12%) En variaci\u00f3n anual, el paro baja en casi todas las comunidades. Los mayores descensos se dan en Andaluc\u00eda (-159.700), Catalu\u00f1a (-79.200) y Comunitat Valenciana (-57.400). Comunidad Foral de Navarra (9,63%), Pa\u00eds Vasco (10,57%) y Arag\u00f3n (11,37%) registran las tasas de paro m\u00e1s bajas este trimestre. En el extremo opuesto, Extremadura (25,12%), Andaluc\u00eda (24,43%) y Canarias (22,04%) presentan las m\u00e1s elevadas. Navarra contabiliz\u00f3 la tasa de paro m\u00e1s baja (9,63%) y Extremadura, la m\u00e1s alta (25,12%). Suben los hogares en paro Los hogares con todos sus miembros activos en paro subieron en 16.700 en el \u00faltimo trimestre de 2017, hasta un total de 1.210.500. Frente a esto, el n\u00famero de hogares con todos sus miembros activos ocupados baj\u00f3 en 20.300, hasta los 10.215.000. En comparativa anual, el n\u00famero de hogares con al menos un activo en los que todos est\u00e1n en paro se ha reducido en 177.200, mientras que los que tienen a todos sus miembros ocupados ha crecido en 331.300. En total, el n\u00famero de hogares se increment\u00f3 en 14.400 en el \u00faltimo trimestre del a\u00f1o hasta los 18.529.70.<br \/>\nVia: <a href=\"http:\/\/www.abc.es\/economia\/abci-numero-parados-bajo-471100-personas-2017-hasta-tasa-1655-por-ciento-201801250901_noticia.html\" target=\"_blank\">La tasa de paro baja al 16,55% en 2017, la menor desde el a\u00f1o 2008<\/a><\/p>\n","protected":false},"excerpt":{"rendered":"<p>Espa\u00f1a se encamina poco a poco a alcanzar los niveles de paro previos a la crisis. El n\u00famero de desempleados baj\u00f3 en 471.100 personas en 2017, hasta una tasa del 16,55%, que no se registraba en Espa\u00f1a desde 2008. Seg\u00fan la Encuesta de Poblaci\u00f3n Activa (EPA) publicada por el Instituto [&hellip;]<\/p>\n","protected":false},"author":2,"featured_media":25499,"comment_status":"open","ping_status":"closed","sticky":false,"template":"","format":"standard","meta":{"footnotes":""},"categories":[6],"tags":[],"class_list":["post-25498","post","type-post","status-publish","format-standard","has-post-thumbnail","hentry","category-spanish"],"_links":{"self":[{"href":"https:\/\/theworldwidejournal.com\/index.php?rest_route=\/wp\/v2\/posts\/25498","targetHints":{"allow":["GET"]}}],"collection":[{"href":"https:\/\/theworldwidejournal.com\/index.php?rest_route=\/wp\/v2\/posts"}],"about":[{"href":"https:\/\/theworldwidejournal.com\/index.php?rest_route=\/wp\/v2\/types\/post"}],"author":[{"embeddable":true,"href":"https:\/\/theworldwidejournal.com\/index.php?rest_route=\/wp\/v2\/users\/2"}],"replies":[{"embeddable":true,"href":"https:\/\/theworldwidejournal.com\/index.php?rest_route=%2Fwp%2Fv2%2Fcomments&post=25498"}],"version-history":[{"count":0,"href":"https:\/\/theworldwidejournal.com\/index.php?rest_route=\/wp\/v2\/posts\/25498\/revisions"}],"wp:featuredmedia":[{"embeddable":true,"href":"https:\/\/theworldwidejournal.com\/index.php?rest_route=\/wp\/v2\/media\/25499"}],"wp:attachment":[{"href":"https:\/\/theworldwidejournal.com\/index.php?rest_route=%2Fwp%2Fv2%2Fmedia&parent=25498"}],"wp:term":[{"taxonomy":"category","embeddable":true,"href":"https:\/\/theworldwidejournal.com\/index.php?rest_route=%2Fwp%2Fv2%2Fcategories&post=25498"},{"taxonomy":"post_tag","embeddable":true,"href":"https:\/\/theworldwidejournal.com\/index.php?rest_route=%2Fwp%2Fv2%2Ftags&post=25498"}],"curies":[{"name":"wp","href":"https:\/\/api.w.org\/{rel}","templated":true}]}}