{"id":30489,"date":"2018-03-01T14:49:00","date_gmt":"2018-03-01T13:49:00","guid":{"rendered":"https:\/\/theworldwidejournal.com\/2018\/03\/01\/el-parlament-reivindica-el-referendum-del-1-o-y-la-figura-de-puigdemont\/"},"modified":"2018-03-01T14:49:00","modified_gmt":"2018-03-01T13:49:00","slug":"el-parlament-reivindica-el-referendum-del-1-o-y-la-figura-de-puigdemont","status":"publish","type":"post","link":"https:\/\/theworldwidejournal.com\/?p=30489","title":{"rendered":"El Parlament reivindica el refer\u00e9ndum del 1-O y la figura de Puigdemont"},"content":{"rendered":"<p>El Parlament de Catalu\u00f1a ha aprobado este mediod\u00eda una resoluci\u00f3n impulsada por Junts per Catalunya -con el visto bueno de ERC y la CUP- que denuncia la &#8220;destituci\u00f3n ilegal e ileg\u00edtima&#8221; de Carles Puigdemont como presidente de la Generalitat y reivindica el ref\u00e9rendum ilegal del 1 de octubre. El documento exige que &#8220;cesen las injerencias&#8221; del Gobierno del Estado ante las &#8220;instancias jurisdiccionales y el Tribunal Constitucional al pretender impedir la materializaci\u00f3n de la voluntad democr\u00e1tica de los representantes del pueblo de Catalu\u00f1a, como la que fue expresada en el 1-O&#8221;. La propuesta ha prosperado con 68 votos a favor y ocho en contra. Las formaciones constitucionalistas, Ciudadanos, PSC y PP, no han participado en la votaci\u00f3n si bien han permanecido en el hemiciclo..Seguir leyendo.<br \/>\nVia: <a href=\"https:\/\/elpais.com\/ccaa\/2018\/03\/01\/catalunya\/1519890585_125170.html#?ref=rss&#038;format=simple&#038;link=link\" target=\"_blank\">El Parlament reivindica el refer\u00e9ndum del 1-O y la figura de Puigdemont<\/a><\/p>\n","protected":false},"excerpt":{"rendered":"<p>El Parlament de Catalu\u00f1a ha aprobado este mediod\u00eda una resoluci\u00f3n impulsada por Junts per Catalunya -con el visto bueno de ERC y la CUP- que denuncia la &#8220;destituci\u00f3n ilegal e ileg\u00edtima&#8221; de Carles Puigdemont como presidente de la Generalitat y reivindica el ref\u00e9rendum ilegal del 1 de octubre. El documento [&hellip;]<\/p>\n","protected":false},"author":2,"featured_media":0,"comment_status":"open","ping_status":"closed","sticky":false,"template":"","format":"standard","meta":{"footnotes":""},"categories":[6],"tags":[],"class_list":["post-30489","post","type-post","status-publish","format-standard","hentry","category-spanish"],"_links":{"self":[{"href":"https:\/\/theworldwidejournal.com\/index.php?rest_route=\/wp\/v2\/posts\/30489","targetHints":{"allow":["GET"]}}],"collection":[{"href":"https:\/\/theworldwidejournal.com\/index.php?rest_route=\/wp\/v2\/posts"}],"about":[{"href":"https:\/\/theworldwidejournal.com\/index.php?rest_route=\/wp\/v2\/types\/post"}],"author":[{"embeddable":true,"href":"https:\/\/theworldwidejournal.com\/index.php?rest_route=\/wp\/v2\/users\/2"}],"replies":[{"embeddable":true,"href":"https:\/\/theworldwidejournal.com\/index.php?rest_route=%2Fwp%2Fv2%2Fcomments&post=30489"}],"version-history":[{"count":0,"href":"https:\/\/theworldwidejournal.com\/index.php?rest_route=\/wp\/v2\/posts\/30489\/revisions"}],"wp:attachment":[{"href":"https:\/\/theworldwidejournal.com\/index.php?rest_route=%2Fwp%2Fv2%2Fmedia&parent=30489"}],"wp:term":[{"taxonomy":"category","embeddable":true,"href":"https:\/\/theworldwidejournal.com\/index.php?rest_route=%2Fwp%2Fv2%2Fcategories&post=30489"},{"taxonomy":"post_tag","embeddable":true,"href":"https:\/\/theworldwidejournal.com\/index.php?rest_route=%2Fwp%2Fv2%2Ftags&post=30489"}],"curies":[{"name":"wp","href":"https:\/\/api.w.org\/{rel}","templated":true}]}}