{"id":30496,"date":"2018-03-01T15:13:36","date_gmt":"2018-03-01T14:13:36","guid":{"rendered":"https:\/\/theworldwidejournal.com\/?p=30496"},"modified":"2018-03-01T15:13:36","modified_gmt":"2018-03-01T14:13:36","slug":"errejon-se-suma-a-una-marcha-de-jubilados-con-menor-afluencia-por-la-lluvia","status":"publish","type":"post","link":"https:\/\/theworldwidejournal.com\/?p=30496","title":{"rendered":"Errej\u00f3n se suma a una marcha de jubilados con menor afluencia por la lluvia"},"content":{"rendered":"<p>Los pensionistas han exigido este jueves en Madrid una subida justa de las pensiones. Muchos critican que, mientras Espa\u00f1a crece un 3%, las pensiones se revalorizan el 0,25%. Por eso, pese al fr\u00edo y el aguacero ca\u00eddo en la capital, cientos de jubilados venidos de toda Espa\u00f1a ped\u00edan que se les revise su pensi\u00f3n de una manera justa. El diputado de Podemos en las Cortes Generales, \u00cd\u00f1igo Errej\u00f3n, se sum\u00f3 a la marcha y quiso parafrasear al presidente del Gobierno Mariano Rajoy diciendo que \u00abno se debe hacer pol\u00edtica con las pensiones\u00bb. \u00abEs una reivindicaci\u00f3n de sentido com\u00fan por encima de las posiciones pol\u00edticas, es una reivindicaci\u00f3n de los pensionistas de hoy y, sobre todo, de los de ma\u00f1ana\u00bb, a\u00f1adi\u00f3. Tambi\u00e9n quiso criticar a los bancos y a las compa\u00f1\u00edas el\u00e9ctricas porque asegura que \u00abno puede subir la pensi\u00f3n un euro y la factura de la luz ocho euros porque eso es un robo. Igual que rescatamos a los bancos y no falt\u00f3 dinero, ahora hay que rescatar a nuestros pensionistas\u00bb. Por otro lado, Errej\u00f3n asegur\u00f3 que \u00abla \u00fanica manera de mantener unas pensiones justas, es mantener unas condiciones laborales y de salario dignas para los j\u00f3venes. El cerdo de las pensiones se lo ha comido el gobierno de Rajoy\u00bb. Entre la multitud de paraguas, los jubilados gritaron consignas contra Crist\u00f3bal Montoro y pidiendo una retribuci\u00f3n justa. Algunos fueron m\u00e1s lejos y, visiblemente emocionados, contaban a ABC que \u00abno tienen dinero para comer todos los meses\u00bb y, por ello, tienen que vivir de \u00abla familia\u00bb.<br \/>\nVia: <a href=\"http:\/\/www.abc.es\/espana\/abci-jubilados-manifiestan-madrid-subida-justa-pensiones-201803011413_video.html\" target=\"_blank\">Errej\u00f3n se suma a una marcha de jubilados con menor afluencia por la lluvia<\/a><\/p>\n","protected":false},"excerpt":{"rendered":"<p>Los pensionistas han exigido este jueves en Madrid una subida justa de las pensiones. Muchos critican que, mientras Espa\u00f1a crece un 3%, las pensiones se revalorizan el 0,25%. Por eso, pese al fr\u00edo y el aguacero ca\u00eddo en la capital, cientos de jubilados venidos de toda Espa\u00f1a ped\u00edan que se [&hellip;]<\/p>\n","protected":false},"author":2,"featured_media":0,"comment_status":"open","ping_status":"closed","sticky":false,"template":"","format":"standard","meta":{"footnotes":""},"categories":[6],"tags":[],"class_list":["post-30496","post","type-post","status-publish","format-standard","hentry","category-spanish"],"_links":{"self":[{"href":"https:\/\/theworldwidejournal.com\/index.php?rest_route=\/wp\/v2\/posts\/30496","targetHints":{"allow":["GET"]}}],"collection":[{"href":"https:\/\/theworldwidejournal.com\/index.php?rest_route=\/wp\/v2\/posts"}],"about":[{"href":"https:\/\/theworldwidejournal.com\/index.php?rest_route=\/wp\/v2\/types\/post"}],"author":[{"embeddable":true,"href":"https:\/\/theworldwidejournal.com\/index.php?rest_route=\/wp\/v2\/users\/2"}],"replies":[{"embeddable":true,"href":"https:\/\/theworldwidejournal.com\/index.php?rest_route=%2Fwp%2Fv2%2Fcomments&post=30496"}],"version-history":[{"count":0,"href":"https:\/\/theworldwidejournal.com\/index.php?rest_route=\/wp\/v2\/posts\/30496\/revisions"}],"wp:attachment":[{"href":"https:\/\/theworldwidejournal.com\/index.php?rest_route=%2Fwp%2Fv2%2Fmedia&parent=30496"}],"wp:term":[{"taxonomy":"category","embeddable":true,"href":"https:\/\/theworldwidejournal.com\/index.php?rest_route=%2Fwp%2Fv2%2Fcategories&post=30496"},{"taxonomy":"post_tag","embeddable":true,"href":"https:\/\/theworldwidejournal.com\/index.php?rest_route=%2Fwp%2Fv2%2Ftags&post=30496"}],"curies":[{"name":"wp","href":"https:\/\/api.w.org\/{rel}","templated":true}]}}