{"id":30497,"date":"2018-03-01T15:10:26","date_gmt":"2018-03-01T14:10:26","guid":{"rendered":"https:\/\/theworldwidejournal.com\/2018\/03\/01\/el-pacto-de-toledo-debatira-volver-a-elevar-las-pensiones-con-el-ipc\/"},"modified":"2018-03-01T15:10:26","modified_gmt":"2018-03-01T14:10:26","slug":"el-pacto-de-toledo-debatira-volver-a-elevar-las-pensiones-con-el-ipc","status":"publish","type":"post","link":"https:\/\/theworldwidejournal.com\/?p=30497","title":{"rendered":"El Pacto de Toledo debatir\u00e1 volver a elevar las pensiones con el IPC"},"content":{"rendered":"<p>Las movilizaciones de los pensionistas han obtenido este jueves su primera recompensa ya que los grupos de la oposici\u00f3n se han puesto de acuerdo en el Pacto de Toledo para empezar a debatir la suficiencia de las pensiones en la pr\u00f3xima reuni\u00f3n de este \u00f3rgano, el mi\u00e9rcoles de la semana que viene. La propuesta que tienen PSOE, Podemos, PNV y PDECAT para asegurar esa suficiencia es la revalorizaci\u00f3n de las pagas con el \u00cdndice de Precios al Consumo (IPC). Ciudadanos es el \u00fanico grupo de la oposici\u00f3n que dentro del Pacto de Toledo a\u00fan no ha dicho cu\u00e1les son sus propuestas para asegurar la suficiencia de las pensiones. Pero esta ma\u00f1ana el presidente de Ciudadanos, Albert Rivera, no ha rechazado la propuesta de que se indexen las pagas de la jubilaci\u00f3n al IPC, siempre y cuando se debata tambi\u00e9n la reforma del sistema a futuro y se lleve a cabo una reforma integral del mercado de trabajo. El debate sobre las propuestas para el alza de las pensiones ser\u00e1n el \u00fanico punto del orden del d\u00eda de la reuni\u00f3n del pr\u00f3ximo d\u00eda 7 ya que los grupos han acordado no abrir ning\u00fan otro debate hasta llegar a un consenso sobre medidas para asegurar la suficiencia. El PP se ha mostrado en contra de iniciar este debate argumentando que a\u00fan no hab\u00eda consenso en las primeras recomendaciones y que deb\u00eda seguirse el orden establecido. Fuentes presentes en la reuni\u00f3n han asegurado que durante la misma se vivieron algunos momentos de tensi\u00f3n entre la presidenta de la comisi\u00f3n del Pacto de Toledo, Celia Villalobos, y los representantes de los grupos. La diputada del PP les habr\u00eda recriminado que estaban \u00abtrasladando temas pol\u00edticos\u00bb a la comisi\u00f3n, mientras que algunos diputados de otros grupos defendieron que se trataba de \u00abuna cuesti\u00f3n de orden\u00bb, ya que el debate sobre la revalorizaci\u00f3n figuraba antes que otros puntos en los planes de trabajo de la comisi\u00f3n, pero se hab\u00eda aplazado. No en vano, todos los grupos pol\u00edticos descuentan que el presidente del Gobierno, Mariano Rajoy, acudir\u00e1 con una propuesta de revalorizaci\u00f3n de las pagas al Pleno monogr\u00e1fico que ha anunciado esta ma\u00f1ana. Y las posiciones que puedan marcar los grupos en la reuni\u00f3n del pr\u00f3ximo d\u00eda 7, una semana antes, pueden complicar su discurso. La portavoz del PSOE en el Congreso de los Diputados, Margarita Robles, ha propuesto que el Pleno no se reduzca solo a un debate monogr\u00e1fico para que los grupos fijen su postura sobre el sistema de pensiones, sino que los grupos puedan presentar iniciativas y que \u00e9stas se puedan votar. En este sentido, Unidos Podemos junto con el Grupo Mixto, Comprom\u00eds, ERC, el PDECat, el PNV, Coalici\u00f3n Canaria y Nueva Canaria ha registrado una petici\u00f3n formal para que el Pleno tenga lugar el pr\u00f3ximo d\u00eda 15 de marzo y tambi\u00e9n para que se puedan votar resoluciones.<br \/>\nVia: <a href=\"http:\/\/www.abc.es\/espana\/abci-pacto-toledo-debatira-volver-elevar-pensiones-201803011410_noticia.html\" target=\"_blank\">El Pacto de Toledo debatir\u00e1 volver a elevar las pensiones con el IPC<\/a><\/p>\n","protected":false},"excerpt":{"rendered":"<p>Las movilizaciones de los pensionistas han obtenido este jueves su primera recompensa ya que los grupos de la oposici\u00f3n se han puesto de acuerdo en el Pacto de Toledo para empezar a debatir la suficiencia de las pensiones en la pr\u00f3xima reuni\u00f3n de este \u00f3rgano, el mi\u00e9rcoles de la semana [&hellip;]<\/p>\n","protected":false},"author":2,"featured_media":30498,"comment_status":"open","ping_status":"closed","sticky":false,"template":"","format":"standard","meta":{"footnotes":""},"categories":[6],"tags":[],"class_list":["post-30497","post","type-post","status-publish","format-standard","has-post-thumbnail","hentry","category-spanish"],"_links":{"self":[{"href":"https:\/\/theworldwidejournal.com\/index.php?rest_route=\/wp\/v2\/posts\/30497","targetHints":{"allow":["GET"]}}],"collection":[{"href":"https:\/\/theworldwidejournal.com\/index.php?rest_route=\/wp\/v2\/posts"}],"about":[{"href":"https:\/\/theworldwidejournal.com\/index.php?rest_route=\/wp\/v2\/types\/post"}],"author":[{"embeddable":true,"href":"https:\/\/theworldwidejournal.com\/index.php?rest_route=\/wp\/v2\/users\/2"}],"replies":[{"embeddable":true,"href":"https:\/\/theworldwidejournal.com\/index.php?rest_route=%2Fwp%2Fv2%2Fcomments&post=30497"}],"version-history":[{"count":0,"href":"https:\/\/theworldwidejournal.com\/index.php?rest_route=\/wp\/v2\/posts\/30497\/revisions"}],"wp:featuredmedia":[{"embeddable":true,"href":"https:\/\/theworldwidejournal.com\/index.php?rest_route=\/wp\/v2\/media\/30498"}],"wp:attachment":[{"href":"https:\/\/theworldwidejournal.com\/index.php?rest_route=%2Fwp%2Fv2%2Fmedia&parent=30497"}],"wp:term":[{"taxonomy":"category","embeddable":true,"href":"https:\/\/theworldwidejournal.com\/index.php?rest_route=%2Fwp%2Fv2%2Fcategories&post=30497"},{"taxonomy":"post_tag","embeddable":true,"href":"https:\/\/theworldwidejournal.com\/index.php?rest_route=%2Fwp%2Fv2%2Ftags&post=30497"}],"curies":[{"name":"wp","href":"https:\/\/api.w.org\/{rel}","templated":true}]}}