{"id":30568,"date":"2018-03-01T21:02:42","date_gmt":"2018-03-01T20:02:42","guid":{"rendered":"https:\/\/theworldwidejournal.com\/2018\/03\/01\/tusk-avisa-a-may-de-que-para-el-ulster-no-hay-solucion-fuera-de-la-ue\/"},"modified":"2018-03-01T21:02:42","modified_gmt":"2018-03-01T20:02:42","slug":"tusk-avisa-a-may-de-que-para-el-ulster-no-hay-solucion-fuera-de-la-ue","status":"publish","type":"post","link":"https:\/\/theworldwidejournal.com\/?p=30568","title":{"rendered":"Tusk avisa a May de que para el Ulster no hay soluci\u00f3n fuera de la UE"},"content":{"rendered":"<p>La visita rel\u00e1mpago a Londres que este jueves hizo el presidente del Consejo de la UE, Donald Tusk, no sirvi\u00f3 para calmar los \u00e1nimos en el momento m\u00e1s complicado del Brexit. Sin empezar a\u00fan las negociaciones formales de una te\u00f3rica segunda etapa para llegar a un acuerdo de divorcio, las posiciones de Londres y Bruselas se encuentran m\u00e1s alejadas que nunca a la espera de que este viernes Theresa May, en un esperado discurso, exponga las l\u00edneas maestras de la estrategia del Gobierno brit\u00e1nico para la nueva fase de las conversaciones. Con la decisi\u00f3n ya tomada, seg\u00fan todos los indicios, de abandonar tanto el mercado \u00fanico como la uni\u00f3n aduanera, el principal punto de discordia entre ambas partes es la frontera de Irlanda con la provincia brit\u00e1nica de Irlanda del Norte. Tanto el Reino Unido como la UE coinciden, tal y como acordaron en diciembre, en que no se puede volver a levantar una frontera dura entre los dos pa\u00edses. Algo que nadie quiere ni a un lado ni a otro de la frontera. El problema est\u00e1 en que. con la negativa de la \u00abpremier\u00bb a la propuesta europea de que Irlanda del Norte siga formando parte del mercado \u00fanico, en Bruselas no ven apenas margen de maniobra para buscar una f\u00f3rmula distinta a la suya que impida el levantamiento de pasos fronterizos. \u00abNo puede haber comercio sin fricciones fuera de la uni\u00f3n aduanera y el mercado \u00fanico\u00bb, aseguraba Tusk antes de tomar el avi\u00f3n para Londres. \u00abLa fricci\u00f3n es un efecto secundario inevitable del Brexit. Est\u00e1 en su naturaleza\u00bb, recalc\u00f3 horas antes de almorzar con Theresa May, a la que, con las c\u00e1maras a\u00fan grabando le espetaba:\u00abNo estoy muy feliz con la l\u00ednea roja\u00bb marcada por la \u00abpremier\u00bb. Despu\u00e9s, la conversaci\u00f3n, seg\u00fan fuentes de ambas partes, fue \u00abpositiva y constructiva\u00bb. Con las autoridades irlandesas acusando a la l\u00edder brit\u00e1nica de romper el pacto acordado a finales del a\u00f1o pasado, la UE aprieta al Ejecutivo brit\u00e1nico para que exponga cuanto antes una propuesta realista que complete o sustituya la suya. Tecnolog\u00eda para evitar barreras f\u00edsicas Todo parece indicar que hoy May recurrir\u00e1 a la tecnolog\u00eda y mejoras en los controles para evitar tanto la creaci\u00f3n de nuevos puestos fronterizos f\u00edsicos sin necesidad de que Irlanda del Norte siga formando parte de la uni\u00f3n aduanera. Es una cuesti\u00f3n de supervivencia, ya que tiene que bailar entre estas dos aguas para contentar tanto a los \u00abbrexiters\u00bb como a sus socios de Gobierno, los unionistas norilarndeses del DUP, que no quieren de ninguna de las maneras un estatus diferenciado para el Ulster y cuyos votos son claves para mantener el Ejecutivo de May. Por eso insistir\u00e1, como hizo en Westminster, en que el plan de la UE, de ser implementado, ya que de lo contrario \u00abamenazar\u00eda la integridad constitucional del Reino Unido\u00bb al crear una frontera en el Mar de Irlanda, algo inconcebible para los brit\u00e1nicos. Por si fuera poco, a la \u00abpremier\u00bb le siguen saliendo enemigos en sus propias filas. El ex primer ministro John Major se desmarcaba de la l\u00ednea que quiere imponer May, al pedir \u00abun voto libre en el Parlamento para convocar un segundo refer\u00e9ndum sobre la pertenencia a la UE\u00bb, adem\u00e1s de criticar \u00abla locura del Brexit\u00bb que llevan adelante ella misma y el ministro de Exteriores, Boris Johnson. Segundo refer\u00e9ndum, por cierto, que tambi\u00e9n pidi\u00f3 ayer de nuevo el tambi\u00e9n exmandatario brit\u00e1nico Tony Blair.<br \/>\nVia: <a href=\"http:\/\/www.abc.es\/internacional\/abci-tusk-avisa-para-irlanda-norte-no-solucion-fuera-201803012002_noticia.html\" target=\"_blank\">Tusk avisa a May de que para el Ulster no hay soluci\u00f3n fuera de la UE<\/a><\/p>\n","protected":false},"excerpt":{"rendered":"<p>La visita rel\u00e1mpago a Londres que este jueves hizo el presidente del Consejo de la UE, Donald Tusk, no sirvi\u00f3 para calmar los \u00e1nimos en el momento m\u00e1s complicado del Brexit. Sin empezar a\u00fan las negociaciones formales de una te\u00f3rica segunda etapa para llegar a un acuerdo de divorcio, las [&hellip;]<\/p>\n","protected":false},"author":2,"featured_media":30569,"comment_status":"open","ping_status":"closed","sticky":false,"template":"","format":"standard","meta":{"footnotes":""},"categories":[6],"tags":[],"class_list":["post-30568","post","type-post","status-publish","format-standard","has-post-thumbnail","hentry","category-spanish"],"_links":{"self":[{"href":"https:\/\/theworldwidejournal.com\/index.php?rest_route=\/wp\/v2\/posts\/30568","targetHints":{"allow":["GET"]}}],"collection":[{"href":"https:\/\/theworldwidejournal.com\/index.php?rest_route=\/wp\/v2\/posts"}],"about":[{"href":"https:\/\/theworldwidejournal.com\/index.php?rest_route=\/wp\/v2\/types\/post"}],"author":[{"embeddable":true,"href":"https:\/\/theworldwidejournal.com\/index.php?rest_route=\/wp\/v2\/users\/2"}],"replies":[{"embeddable":true,"href":"https:\/\/theworldwidejournal.com\/index.php?rest_route=%2Fwp%2Fv2%2Fcomments&post=30568"}],"version-history":[{"count":0,"href":"https:\/\/theworldwidejournal.com\/index.php?rest_route=\/wp\/v2\/posts\/30568\/revisions"}],"wp:featuredmedia":[{"embeddable":true,"href":"https:\/\/theworldwidejournal.com\/index.php?rest_route=\/wp\/v2\/media\/30569"}],"wp:attachment":[{"href":"https:\/\/theworldwidejournal.com\/index.php?rest_route=%2Fwp%2Fv2%2Fmedia&parent=30568"}],"wp:term":[{"taxonomy":"category","embeddable":true,"href":"https:\/\/theworldwidejournal.com\/index.php?rest_route=%2Fwp%2Fv2%2Fcategories&post=30568"},{"taxonomy":"post_tag","embeddable":true,"href":"https:\/\/theworldwidejournal.com\/index.php?rest_route=%2Fwp%2Fv2%2Ftags&post=30568"}],"curies":[{"name":"wp","href":"https:\/\/api.w.org\/{rel}","templated":true}]}}