{"id":34745,"date":"2018-03-30T21:34:17","date_gmt":"2018-03-30T19:34:17","guid":{"rendered":"https:\/\/theworldwidejournal.com\/2018\/03\/30\/le-patron-de-psa-carlos-tavares-va-toucher-une-prime-dun-million-a-la-suite-du-rachat-dopel-vauxhall\/"},"modified":"2018-03-30T21:34:17","modified_gmt":"2018-03-30T19:34:17","slug":"le-patron-de-psa-carlos-tavares-va-toucher-une-prime-dun-million-a-la-suite-du-rachat-dopel-vauxhall","status":"publish","type":"post","link":"https:\/\/theworldwidejournal.com\/?p=34745","title":{"rendered":"Le patron de PSA, Carlos Tavares, va toucher une prime d\u2019un million \u00e0 la suite du rachat d\u2019Opel-Vauxhall"},"content":{"rendered":"<p>Gr\u00e2ce \u00e0 cette somme, le chef d\u2019entreprise voit sa r\u00e9mun\u00e9ration de l\u2019ann\u00e9e 2017 passer \u00e0 6,7 millions d\u2019euros. Du c\u00f4t\u00e9 de la filiale rachet\u00e9e, un plan de d\u00e9parts volontaires a \u00e9t\u00e9 lanc\u00e9.<br \/>\nVia: <a href=\"http:\/\/www.lemonde.fr\/automobile\/article\/2018\/03\/30\/le-patron-de-psa-carlos-tavares-va-toucher-une-prime-d-un-million-a-la-suite-du-rachat-d-opel-vauxhall_5278902_1654940.html?xtor=RSS-3208\" target=\"_blank\">Le patron de PSA, Carlos Tavares, va toucher une prime d\u2019un million \u00e0 la suite du rachat d\u2019Opel-Vauxhall<\/a><\/p>\n","protected":false},"excerpt":{"rendered":"<p>Gr\u00e2ce \u00e0 cette somme, le chef d\u2019entreprise voit sa r\u00e9mun\u00e9ration de l\u2019ann\u00e9e 2017 passer \u00e0 6,7 millions d\u2019euros. Du c\u00f4t\u00e9 de la filiale rachet\u00e9e, un plan de d\u00e9parts volontaires a \u00e9t\u00e9 lanc\u00e9. Via: Le patron de PSA, Carlos Tavares, va toucher une prime d\u2019un million \u00e0 la suite du rachat [&hellip;]<\/p>\n","protected":false},"author":2,"featured_media":0,"comment_status":"open","ping_status":"closed","sticky":false,"template":"","format":"standard","meta":{"footnotes":""},"categories":[4],"tags":[],"class_list":["post-34745","post","type-post","status-publish","format-standard","hentry","category-french"],"_links":{"self":[{"href":"https:\/\/theworldwidejournal.com\/index.php?rest_route=\/wp\/v2\/posts\/34745","targetHints":{"allow":["GET"]}}],"collection":[{"href":"https:\/\/theworldwidejournal.com\/index.php?rest_route=\/wp\/v2\/posts"}],"about":[{"href":"https:\/\/theworldwidejournal.com\/index.php?rest_route=\/wp\/v2\/types\/post"}],"author":[{"embeddable":true,"href":"https:\/\/theworldwidejournal.com\/index.php?rest_route=\/wp\/v2\/users\/2"}],"replies":[{"embeddable":true,"href":"https:\/\/theworldwidejournal.com\/index.php?rest_route=%2Fwp%2Fv2%2Fcomments&post=34745"}],"version-history":[{"count":0,"href":"https:\/\/theworldwidejournal.com\/index.php?rest_route=\/wp\/v2\/posts\/34745\/revisions"}],"wp:attachment":[{"href":"https:\/\/theworldwidejournal.com\/index.php?rest_route=%2Fwp%2Fv2%2Fmedia&parent=34745"}],"wp:term":[{"taxonomy":"category","embeddable":true,"href":"https:\/\/theworldwidejournal.com\/index.php?rest_route=%2Fwp%2Fv2%2Fcategories&post=34745"},{"taxonomy":"post_tag","embeddable":true,"href":"https:\/\/theworldwidejournal.com\/index.php?rest_route=%2Fwp%2Fv2%2Ftags&post=34745"}],"curies":[{"name":"wp","href":"https:\/\/api.w.org\/{rel}","templated":true}]}}