{"id":34792,"date":"2018-03-30T21:51:55","date_gmt":"2018-03-30T19:51:55","guid":{"rendered":"https:\/\/theworldwidejournal.com\/2018\/03\/30\/jovenes-ateos-y-cofrades\/"},"modified":"2018-03-30T21:51:55","modified_gmt":"2018-03-30T19:51:55","slug":"jovenes-ateos-y-cofrades","status":"publish","type":"post","link":"https:\/\/theworldwidejournal.com\/?p=34792","title":{"rendered":"J\u00f3venes, ateos y cofrades"},"content":{"rendered":"<p>Miguel Azor\u00edn tiene 27 a\u00f1os, es ateo y va a la iglesia m\u00e1s que muchos creyentes. Toca en una banda de m\u00fasica que acude a m\u00faltiples eventos religiosos y, adem\u00e1s, visita la iglesia cada vez que tiene que sacar, como costalero, al Cristo de su cofrad\u00eda. Es uno de los muchos ateos que, durante la Semana Santa, sale en una hermandad para procesionar como nazareno o costalero, codo con codo con sus compa\u00f1eros creyentes. &#8220;Nunca ha salido el tema de mi ate\u00edsmo con mis compa\u00f1eros, pero se lo imaginar\u00e1n&#8221;, cuenta el joven a Verne. \u00c9l considera que &#8220;mientras no bajes el hombro en la procesi\u00f3n, todos son bienvenidos&#8221;.\u00a0Seguir leyendo.<br \/>\nVia: <a href=\"https:\/\/elpais.com\/verne\/2018\/03\/28\/articulo\/1522233919_158736.html#?ref=rss&#038;format=simple&#038;link=link\" target=\"_blank\">J\u00f3venes, ateos y cofrades<\/a><\/p>\n","protected":false},"excerpt":{"rendered":"<p>Miguel Azor\u00edn tiene 27 a\u00f1os, es ateo y va a la iglesia m\u00e1s que muchos creyentes. Toca en una banda de m\u00fasica que acude a m\u00faltiples eventos religiosos y, adem\u00e1s, visita la iglesia cada vez que tiene que sacar, como costalero, al Cristo de su cofrad\u00eda. Es uno de los [&hellip;]<\/p>\n","protected":false},"author":2,"featured_media":0,"comment_status":"open","ping_status":"closed","sticky":false,"template":"","format":"standard","meta":{"footnotes":""},"categories":[6],"tags":[],"class_list":["post-34792","post","type-post","status-publish","format-standard","hentry","category-spanish"],"_links":{"self":[{"href":"https:\/\/theworldwidejournal.com\/index.php?rest_route=\/wp\/v2\/posts\/34792","targetHints":{"allow":["GET"]}}],"collection":[{"href":"https:\/\/theworldwidejournal.com\/index.php?rest_route=\/wp\/v2\/posts"}],"about":[{"href":"https:\/\/theworldwidejournal.com\/index.php?rest_route=\/wp\/v2\/types\/post"}],"author":[{"embeddable":true,"href":"https:\/\/theworldwidejournal.com\/index.php?rest_route=\/wp\/v2\/users\/2"}],"replies":[{"embeddable":true,"href":"https:\/\/theworldwidejournal.com\/index.php?rest_route=%2Fwp%2Fv2%2Fcomments&post=34792"}],"version-history":[{"count":0,"href":"https:\/\/theworldwidejournal.com\/index.php?rest_route=\/wp\/v2\/posts\/34792\/revisions"}],"wp:attachment":[{"href":"https:\/\/theworldwidejournal.com\/index.php?rest_route=%2Fwp%2Fv2%2Fmedia&parent=34792"}],"wp:term":[{"taxonomy":"category","embeddable":true,"href":"https:\/\/theworldwidejournal.com\/index.php?rest_route=%2Fwp%2Fv2%2Fcategories&post=34792"},{"taxonomy":"post_tag","embeddable":true,"href":"https:\/\/theworldwidejournal.com\/index.php?rest_route=%2Fwp%2Fv2%2Ftags&post=34792"}],"curies":[{"name":"wp","href":"https:\/\/api.w.org\/{rel}","templated":true}]}}