{"id":34825,"date":"2018-03-31T11:59:08","date_gmt":"2018-03-31T09:59:08","guid":{"rendered":"https:\/\/theworldwidejournal.com\/2018\/03\/31\/greve-chez-carrefour-un-mouvement-de-grande-ampleur-dans-toute-la-france\/"},"modified":"2018-03-31T11:59:08","modified_gmt":"2018-03-31T09:59:08","slug":"greve-chez-carrefour-un-mouvement-de-grande-ampleur-dans-toute-la-france","status":"publish","type":"post","link":"https:\/\/theworldwidejournal.com\/?p=34825","title":{"rendered":"Gr\u00e8ve chez Carrefour : \u00abun mouvement de grande ampleur\u00bb dans toute la France"},"content":{"rendered":"<p>L&#8217;appel \u00e0 la gr\u00e8ve de FO et de la CFDT entra\u00eene des perturbations dans au moins 300 magasins ce samedi, selon les syndicats. La direction indique de son c\u00f4t\u00e9 que \u00ables hyper qui \u00e9taient encore impact\u00e9s \u00e0 la mi-journ\u00e9e ont rouvert les uns apr\u00e8s les autres\u00bb. Les salari\u00e9s se mobilisent contre les suppressions d&#8217;emplois et r\u00e9clament davantage de pouvoir d&#8217;achat.<br \/>\nVia: <a href=\"http:\/\/www.lefigaro.fr\/conjoncture\/2018\/03\/31\/20002-20180331ARTFIG00048-greve-chez-carrefour-un-mouvement-de-grande-ampleur-dans-toute-la-france.php\" target=\"_blank\">Gr\u00e8ve chez Carrefour : \u00abun mouvement de grande ampleur\u00bb dans toute la France<\/a><\/p>\n","protected":false},"excerpt":{"rendered":"<p>L&#8217;appel \u00e0 la gr\u00e8ve de FO et de la CFDT entra\u00eene des perturbations dans au moins 300 magasins ce samedi, selon les syndicats. La direction indique de son c\u00f4t\u00e9 que \u00ables hyper qui \u00e9taient encore impact\u00e9s \u00e0 la mi-journ\u00e9e ont rouvert les uns apr\u00e8s les autres\u00bb. Les salari\u00e9s se mobilisent [&hellip;]<\/p>\n","protected":false},"author":2,"featured_media":0,"comment_status":"open","ping_status":"closed","sticky":false,"template":"","format":"standard","meta":{"footnotes":""},"categories":[4],"tags":[],"class_list":["post-34825","post","type-post","status-publish","format-standard","hentry","category-french"],"_links":{"self":[{"href":"https:\/\/theworldwidejournal.com\/index.php?rest_route=\/wp\/v2\/posts\/34825","targetHints":{"allow":["GET"]}}],"collection":[{"href":"https:\/\/theworldwidejournal.com\/index.php?rest_route=\/wp\/v2\/posts"}],"about":[{"href":"https:\/\/theworldwidejournal.com\/index.php?rest_route=\/wp\/v2\/types\/post"}],"author":[{"embeddable":true,"href":"https:\/\/theworldwidejournal.com\/index.php?rest_route=\/wp\/v2\/users\/2"}],"replies":[{"embeddable":true,"href":"https:\/\/theworldwidejournal.com\/index.php?rest_route=%2Fwp%2Fv2%2Fcomments&post=34825"}],"version-history":[{"count":0,"href":"https:\/\/theworldwidejournal.com\/index.php?rest_route=\/wp\/v2\/posts\/34825\/revisions"}],"wp:attachment":[{"href":"https:\/\/theworldwidejournal.com\/index.php?rest_route=%2Fwp%2Fv2%2Fmedia&parent=34825"}],"wp:term":[{"taxonomy":"category","embeddable":true,"href":"https:\/\/theworldwidejournal.com\/index.php?rest_route=%2Fwp%2Fv2%2Fcategories&post=34825"},{"taxonomy":"post_tag","embeddable":true,"href":"https:\/\/theworldwidejournal.com\/index.php?rest_route=%2Fwp%2Fv2%2Ftags&post=34825"}],"curies":[{"name":"wp","href":"https:\/\/api.w.org\/{rel}","templated":true}]}}