{"id":35824,"date":"1970-01-01T01:00:00","date_gmt":"1970-01-01T00:00:00","guid":{"rendered":"https:\/\/theworldwidejournal.com\/1970\/01\/01\/educacion-encarga-tareas-administrativas-a-los-profesores-de-fp\/"},"modified":"1970-01-01T01:00:00","modified_gmt":"1970-01-01T00:00:00","slug":"educacion-encarga-tareas-administrativas-a-los-profesores-de-fp","status":"publish","type":"post","link":"https:\/\/theworldwidejournal.com\/?p=35824","title":{"rendered":"Educaci\u00f3n encarga tareas administrativas a los profesores de FP"},"content":{"rendered":"<p>Los profesores llevan tiempo quej\u00e1ndose de que cada vez asumen mas tareas administrativas y de la falta personal en los centros. Ahora son los de Formaci\u00f3n Profesional los que tienen que asumir responsabilidades no docentes. Se han quejado de que en los centros que ahora inician el periodo de pr\u00e1cticas en empresas en FP dual han encomendado a los tutores de los grupos no s\u00f3lo que recojan las solicitudes a los alumnos que optan a esta formaci\u00f3n sino tambi\u00e9n escanearlo, verificar los documentos y realizar todo el proceso administrativo. Seg\u00fan el manual remitido a los centros sobre procedimiento de solicitudes de ayuda al que ha tenido acceso ABC, se encarga a \u00ablas personas que ejerzan la tutor\u00eda del grupo\u00bb varias cuestiones que pasan desde la informaci\u00f3n a la cumplimentaci\u00f3n del documento acreditativo de asistencia. Los docentes deben recoger las solicitudes comprobando las firmas de todos los miembros de la unidad familiar para evitar incidencias, el documento de acreditaci\u00f3n de las jornadas y asistencia a empresas comprobando que est\u00e9 firmado por el tutor y con sello de la empresa y formalizar en el programa S\u00e9neca un documento o \u00abinforme de actividades\u00bb. Un documento para el que la Junta da instrucciones precisas de su acceso a trav\u00e9s del programa inform\u00e1tico y que debe ser identificado y validado. Son tareas que han originado malestar entre los profesores que denunciaron la situaci\u00f3n ante el sindicato Csif porque que son trabajos que no ten\u00eda atribuido el profesorado. \u00abEn ning\u00fan momento se les hab\u00eda atribuido cumplimentar datos administrativos excluyendo los que les corresponden a evaluaci\u00f3n y actas\u00bb, afirma el responsable de Csif, Daniel Berm\u00fadez que insiste en que no pueden sellar documentos ni validarlos ya que son tareas que, en todo caso, deber\u00edan recaer en el equipo directivo. Unos trabajos que, en los institutos, hac\u00edan normalmente los administrativos. Los profesores s\u00f3lo dicen estar de acuerdo con que deben hacer el seguimiento de las faltas ya que un determinado n\u00famero de ausencias supone un suspenso. Csif est\u00e1 analizando el asunto porque cree que es un exceso de responsabilidades e incluso podr\u00eda ser un caso de usurpaci\u00f3n de funciones. Fuentes de la Consejer\u00eda de Educaci\u00f3n dijeron ayer no tener constancia de ninguna protesta de profesores.<br \/>\nVia: <a href=\"http:\/\/sevilla.abc.es\/sevilla\/sevi-educacion-encarga-tareas-administrativas-profesores-sevilla-201804060720_noticia.html\" target=\"_blank\">Educaci\u00f3n encarga tareas administrativas a los profesores de FP<\/a><\/p>\n","protected":false},"excerpt":{"rendered":"<p>Los profesores llevan tiempo quej\u00e1ndose de que cada vez asumen mas tareas administrativas y de la falta personal en los centros. Ahora son los de Formaci\u00f3n Profesional los que tienen que asumir responsabilidades no docentes. Se han quejado de que en los centros que ahora inician el periodo de pr\u00e1cticas [&hellip;]<\/p>\n","protected":false},"author":2,"featured_media":35825,"comment_status":"open","ping_status":"closed","sticky":false,"template":"","format":"standard","meta":{"footnotes":""},"categories":[6],"tags":[],"class_list":["post-35824","post","type-post","status-publish","format-standard","has-post-thumbnail","hentry","category-spanish"],"_links":{"self":[{"href":"https:\/\/theworldwidejournal.com\/index.php?rest_route=\/wp\/v2\/posts\/35824","targetHints":{"allow":["GET"]}}],"collection":[{"href":"https:\/\/theworldwidejournal.com\/index.php?rest_route=\/wp\/v2\/posts"}],"about":[{"href":"https:\/\/theworldwidejournal.com\/index.php?rest_route=\/wp\/v2\/types\/post"}],"author":[{"embeddable":true,"href":"https:\/\/theworldwidejournal.com\/index.php?rest_route=\/wp\/v2\/users\/2"}],"replies":[{"embeddable":true,"href":"https:\/\/theworldwidejournal.com\/index.php?rest_route=%2Fwp%2Fv2%2Fcomments&post=35824"}],"version-history":[{"count":0,"href":"https:\/\/theworldwidejournal.com\/index.php?rest_route=\/wp\/v2\/posts\/35824\/revisions"}],"wp:featuredmedia":[{"embeddable":true,"href":"https:\/\/theworldwidejournal.com\/index.php?rest_route=\/wp\/v2\/media\/35825"}],"wp:attachment":[{"href":"https:\/\/theworldwidejournal.com\/index.php?rest_route=%2Fwp%2Fv2%2Fmedia&parent=35824"}],"wp:term":[{"taxonomy":"category","embeddable":true,"href":"https:\/\/theworldwidejournal.com\/index.php?rest_route=%2Fwp%2Fv2%2Fcategories&post=35824"},{"taxonomy":"post_tag","embeddable":true,"href":"https:\/\/theworldwidejournal.com\/index.php?rest_route=%2Fwp%2Fv2%2Ftags&post=35824"}],"curies":[{"name":"wp","href":"https:\/\/api.w.org\/{rel}","templated":true}]}}