{"id":35963,"date":"1970-01-01T01:00:00","date_gmt":"1970-01-01T00:00:00","guid":{"rendered":"https:\/\/theworldwidejournal.com\/1970\/01\/01\/un-atropello-deja-2-muertos-y-una-veintena-de-heridos-en-alemania\/"},"modified":"1970-01-01T01:00:00","modified_gmt":"1970-01-01T00:00:00","slug":"un-atropello-deja-2-muertos-y-una-veintena-de-heridos-en-alemania","status":"publish","type":"post","link":"https:\/\/theworldwidejournal.com\/?p=35963","title":{"rendered":"Un atropello deja 2 muertos y una veintena de heridos en Alemania"},"content":{"rendered":"<p>Por fin brillaba el sol despu\u00e9s de meses de mal tiempo y las terrazas de la Plaza Kiepenkerl de M\u00fcnster estaban hoy a rebosar. Una furgoneta de color gris azulado, aparentemente un veh\u00edculo de reparto que cruzaba el barrio antiguo de esta ciudad universitaria y tur\u00edstica, aceler\u00f3 antes de embestir contra las decenas de personas que se sentaban en torno a mesas de madera protegidas del tr\u00e1fico solo por algunas macetas. \u00abEscuch\u00e9 como un trueno y despu\u00e9s los gritos. Me asom\u00e9 a la ventana y apenas pod\u00eda entender lo que estaba viendo. La gente por el suelo, ensangrentada, gritando \u00a1Dios m\u00edo! Y llorando\u00bb, relataba a la radio local una vecina del restaurante. \u00abDespu\u00e9s escuch\u00e9 el disparo y fue entonces cuando me percat\u00e9 de la furgoneta, que hab\u00eda frenado contra la gente y que casi se hab\u00eda incrustado en el edificio\u00bb. Se refer\u00eda al disparo con el que el conductor de la furgoneta se hab\u00eda quitado la vida tras perpetrar el atropello. Eran las tres y media de la tarde. Los primeros coches de polic\u00eda tardaron en llegar apenas dos minutos y la plaza fue r\u00e1pidamente acordonada. Se trata del centro hist\u00f3rico de M\u00fcnster, donde se encuentra el popular \u00abKieperkerl\u00bb, estatua que sirve de imagen a la ciudad y que representa a un hombre con una cesta de mimbre cargada sobre la espalda. En las calles adyacentes viven varios miles de personas que fueron desalojadas de sus casas. La polic\u00eda hab\u00eda descubierto una bolsa en el interior de la furgoneta, junto al cad\u00e1ver del conductor, y hab\u00eda sido advertido el cuerpo de artificieros para que investigasen si conten\u00eda explosivos. Sin antecedentes \u00abEsto no puede estar pasando. \u00bfPor qu\u00e9 ha pasado esto?\u00bb, se lamentaba uno de los camareros que se hab\u00eda salvado por encontrarse en el momento del atropello recibiendo un pedido en la cocina. \u00ab\u00bfPor qu\u00e9 no estaban las terrazas protegidas con bolardos? \u00bfNo son obligatorios desde el atentado de Berl\u00edn?\u00bb, se preguntaba un superviviente, indignado. \u00abSeguramente no hab\u00edan sido todav\u00eda instalados porque era el primer fin de semana que se instalaba la terraza\u00bb, deduc\u00eda otro vecino. Algunos de los viandantes que a esa hora recorr\u00edan el barrio antiguo, al percatarse de lo ocurrido, corrieron a refugiarse e invadieron las salas del vecino cine Cineplex, saliendo solamente horas despu\u00e9s, cuando la polic\u00eda evacu\u00f3 el edificio. Galer\u00eda de im\u00e1genes Vea la galer&iacute;a completa (12 im&aacute;genes) Algunos testigos declararon, en los primeros minutos de gran confusi\u00f3n, que hab\u00edan visto a otras dos personas abandonar la furgoneta y salir corriendo, por lo que la polic\u00eda se despleg\u00f3 por el centro de M\u00fcnster en busca de dos posibles c\u00f3mplices. En un primer momento, la polic\u00eda admiti\u00f3 que \u00abno puede descartarse que se trate de un atentado terrorista\u00bb, pero apenas fue identificado el conductor como Jens R. de 48 a\u00f1os, oriundo de Olsberg, en Sauerland, de nacionalidad alemana y con el expediente de penales limpio, la polic\u00eda allan\u00f3 una vivienda relacionada con el caso, apenas a dos kil\u00f3metros de distancia del lugar de los hechos y la agencia oficial DPA inform\u00f3 que se trataba de una persona \u00abcon problemas mentales\u00bb. Aun as\u00ed fueron incorporadas a la investigaci\u00f3n las fuerzas especiales de la polic\u00eda de Renania-Norte Westfalia y un grupo de polic\u00eda anti terrorista BFE, especializado en resguardo de pruebas y detenci\u00f3n en escenarios dif\u00edciles. Tambi\u00e9n fue puesta en alerta la unidad anti terrorista GSG9. Adem\u00e1s, por la coincidencia de una manifestaci\u00f3n de kurdos programada para la tarde de ayer, decenas de polic\u00edas hab\u00edan sido trasladados a la ciudad desde distritos vecinos y muchos de ellos fueron a\u00f1adidos al dispositivo de urgencia. Varios helic\u00f3pteros aterrizaron en la Plaza Schloss, el \u00fanico espacio abierto en el mapa de la intrincada ciudad medieval de M\u00fcnster, y comenzaron a trasladar heridos. La Cl\u00ednica Universitaria de M\u00fcnster hizo un llamamiento a donar sangre. Durante varias horas, el barrio permaneci\u00f3 cerrado al tr\u00e1fico y se pidi\u00f3 a los habitantes de M\u00fcnster que lo evitasen porque la polic\u00eda estaba rastreando sus calles en busca de dos posibles c\u00f3mplices. Fuese cual fuese la motivaci\u00f3n, el ataque ha dejado, hasta el momento, un saldo confuso de muertos, que oscila entre las dos y las cuatro v\u00edcitmas, y una treintena de heridos, cinco de los cuales permanec\u00edan en estado grave. R\u00e1pida investigaci\u00f3n \u00abEscuch\u00e9 un golpe y gritos. Corr\u00ed hacia la plaza, estaba a unos cien metros. Vi a gente en el suelo, sangre. Ayud\u00e9 a una mujer a levantarse, se le hab\u00edan clavado las astillas de una de las sillas de la terraza en la pierna y le dol\u00eda, pero enseguida lleg\u00f3 la polic\u00eda y me pidieron que me marchase de all\u00ed. Necesitaban despejar la plaza\u00bb, relataba Sigmund, un estudiante que visitaba M\u00fcnster con varios amigos y que se encontraba en una calle adyacente al Kieperkerl . \u00abLa gente estaba tirada en el suelo sin saber lo que hab\u00eda pasado. Otros sal\u00edan del restaurante y otros corr\u00edan en todas direcciones asustados\u00bb. \u00abVi a gente en el suelo, sangre. Ayud\u00e9 a una mujer a levantarse, se le hab\u00edan clavado las astillas de una de las sillas\u00bb, declar\u00f3 un estudiante que estaba de visita en la ciudad con varios amigos Pronto comenzaron a publicarse los mensajes de condolencias y el reci\u00e9n nombrado ministro de Interior, el hasta ahora presidente de Baviera Horst Seehofer, prometi\u00f3 un \u00abr\u00e1pido esclarecimiento de los hechos\u00bb. Desde la canciller Merkel hasta el Im\u00e1n de la mezquita Ahmadiyya de M\u00fanster, Mustanar Ahmed, expesaron su pesar y su solidaridad con los familiares. Esta ciudad es especialmente pac\u00edfica y ajena al malestar que la presencia de refugiados o extranjeros a despertado en otros puntos de Alemania. El partido anti europeo y anti extranjeros, Alternativa para Alemania (AfD) obtuvo aqu\u00ed el peor resultado de toda la Rep\u00fablica Federal en las \u00faltimas elecciones, el 4,5%, y el ministro regional de Interior, Herbert Reul, cuando todav\u00eda no estaba clara la motivaci\u00f3n del atropello, pidi\u00f3 de camino al lugar de los hechos no llegar a conclusiones precipitadas y permitir que la polic\u00eda hiciese su trabajo en las mejores condiciones posibles. \u00abEran&hellip;<br \/>\nVia: <a href=\"http:\/\/sevilla.abc.es\/internacional\/abci-atropello-multiple-deja-varios-muertos-y-heridos-munster-alemania-201804071650_noticia.html\" target=\"_blank\">Un atropello deja 2 muertos y una veintena de heridos en Alemania<\/a><\/p>\n","protected":false},"excerpt":{"rendered":"<p>Por fin brillaba el sol despu\u00e9s de meses de mal tiempo y las terrazas de la Plaza Kiepenkerl de M\u00fcnster estaban hoy a rebosar. Una furgoneta de color gris azulado, aparentemente un veh\u00edculo de reparto que cruzaba el barrio antiguo de esta ciudad universitaria y tur\u00edstica, aceler\u00f3 antes de embestir [&hellip;]<\/p>\n","protected":false},"author":2,"featured_media":35964,"comment_status":"open","ping_status":"closed","sticky":false,"template":"","format":"standard","meta":{"footnotes":""},"categories":[6],"tags":[],"class_list":["post-35963","post","type-post","status-publish","format-standard","has-post-thumbnail","hentry","category-spanish"],"_links":{"self":[{"href":"https:\/\/theworldwidejournal.com\/index.php?rest_route=\/wp\/v2\/posts\/35963","targetHints":{"allow":["GET"]}}],"collection":[{"href":"https:\/\/theworldwidejournal.com\/index.php?rest_route=\/wp\/v2\/posts"}],"about":[{"href":"https:\/\/theworldwidejournal.com\/index.php?rest_route=\/wp\/v2\/types\/post"}],"author":[{"embeddable":true,"href":"https:\/\/theworldwidejournal.com\/index.php?rest_route=\/wp\/v2\/users\/2"}],"replies":[{"embeddable":true,"href":"https:\/\/theworldwidejournal.com\/index.php?rest_route=%2Fwp%2Fv2%2Fcomments&post=35963"}],"version-history":[{"count":0,"href":"https:\/\/theworldwidejournal.com\/index.php?rest_route=\/wp\/v2\/posts\/35963\/revisions"}],"wp:featuredmedia":[{"embeddable":true,"href":"https:\/\/theworldwidejournal.com\/index.php?rest_route=\/wp\/v2\/media\/35964"}],"wp:attachment":[{"href":"https:\/\/theworldwidejournal.com\/index.php?rest_route=%2Fwp%2Fv2%2Fmedia&parent=35963"}],"wp:term":[{"taxonomy":"category","embeddable":true,"href":"https:\/\/theworldwidejournal.com\/index.php?rest_route=%2Fwp%2Fv2%2Fcategories&post=35963"},{"taxonomy":"post_tag","embeddable":true,"href":"https:\/\/theworldwidejournal.com\/index.php?rest_route=%2Fwp%2Fv2%2Ftags&post=35963"}],"curies":[{"name":"wp","href":"https:\/\/api.w.org\/{rel}","templated":true}]}}