{"id":35965,"date":"1970-01-01T01:00:00","date_gmt":"1970-01-01T00:00:00","guid":{"rendered":"https:\/\/theworldwidejournal.com\/1970\/01\/01\/el-mundo-del-toro-la-politica-y-la-cultura-llora-la-muerte-de-peralta\/"},"modified":"1970-01-01T01:00:00","modified_gmt":"1970-01-01T00:00:00","slug":"el-mundo-del-toro-la-politica-y-la-cultura-llora-la-muerte-de-peralta","status":"publish","type":"post","link":"https:\/\/theworldwidejournal.com\/?p=35965","title":{"rendered":"El mundo del toro, la pol\u00edtica y la cultura llora la muerte de Peralta"},"content":{"rendered":"<p>La muerte del rejoneador \u00c1ngel Peralta a los 93 a\u00f1os ha sobrecogido no s\u00f3lo al mundo del toro, del que fue un referente por la profesionalizaci\u00f3n que hizo del toreo ecuestre, sino tambi\u00e9n al de la cultura y la pol\u00edtica. La reacci\u00f3n m\u00e1s relevante ha sido la del rejoneador hispanoluso Diego Ventura, pupilo del sevillano desde que lleg\u00f3 con apenas meses de vida a su finca de La Puebla del R\u00edo (Sevilla) junto a su padre, Joao Antonio Ventura, al que el propio Peralta contrat\u00f3 para trabajar. Ventura ha aprovechado las redes sociales para despedirse de su \u00abmentor\u00bb, al que ha calificado como un \u00ab\u00e1ngel ca\u00eddo del cielo\u00bb, una persona que lo ha significado \u00abtodo\u00bb para \u00e9l desde que se puso delante de su primera becerra con tan solo cinco a\u00f1os. \u00abPor \u00e9l decid\u00ed hacerme rejoneador. \u00c9l fue quien me mont\u00f3 por primera vez a caballo. Toda una vida con don \u00c1ngel, en su finca, donde pas\u00e9 mi ni\u00f1ez y me convert\u00ed lo que soy hoy en d\u00eda. Hoy se ha ido la referencia, el espejo, el Maestro. Hasta siempre, don \u00c1ngel Peralta\u00bb, recog\u00eda el propio Ventura en su cuenta de twitter. Hoy para usted, no me salen las palabras, solo me quedo en silencio&#8230; Quiz\u00e1s ya todo lo que me tuvo q decir me lo dijo y yo quiz\u00e1s no tenga palabras para agradecerle todo lo que hizo por mi. D.E.P Maestro, mi maestro. pic.twitter.com\/svv65nnYvH&mdash; Diego Ventura (@DiegoVentura82) 7 de abril de 2018 Su sobrino, Rafael Peralta, hijo del rejoneador del mismo nombre, ha aprovechado las redes sociales para despedirse de su t\u00edo, del cual, reconoce, \u00abha alumbrado mi camino\u00bb, un mensaje que acompa\u00f1a con uno de sus poemas: \u00abCentauro que sube al cielo, con herraduras doradas, so\u00f1ando con sus caballos Ingenioso y Mejicana\u00bb. El tambi\u00e9n rejoneador Andy Cartagena publicaba en su cuenta: \u00abSe nos va una gran persona a la que los rejoneadores debemos mucho, pues ha sido fuente de inspiraci\u00f3n para nosotros. Se nos va un icono en la historia del rejoneo y con quien he tenido la gran suerte de compartir muy buenos momentos. Siempre en mi recuerdo\u00bb. Tambi\u00e9n Sergio Gal\u00e1n reconoc\u00eda que con la p\u00e9rdida de Peralta se marcha \u00abuna grandiosa figura del toreo a caballo y una excelente persona. Siempre era un placer hablar y compartir momentos con \u00e9l. Descansa en paz, maestro, y muchas gracias por todo lo que ha aportado al mundo del toro\u00bb. Descanse en Paz Maestro pic.twitter.com\/5VJiBHbjDj&mdash; Sergio Gal\u00e1n (@SergioGalanInfo) 7 de abril de 2018 Los matadores de toros Enrique Ponce, Paco Ure\u00f1a, Vicente Ruiz, Soro; Tom\u00e1s Campuzano, Rafa Serna o el novillero \u00c1ngel Jim\u00e9nez se han sumado, asimismo, a la cantidad de mensajes de condolencias por la p\u00e9rdida del rejoneador m\u00e1s influyente del siglo XX. Tambi\u00e9n las empresas de Las Ventas y Sevilla, la Fundaci\u00f3n del Toro de Lidia y numerosas ganader\u00edas de bravo y yeguadas han aprovechado las redes para dar su \u00faltimo adi\u00f3s al Centauro de las marismas. Adem\u00e1s del mundo del toro, el de la pol\u00edtica tambi\u00e9n ha expresado su dolor en las redes, como el ministro del Interior, el sevillano Juan Ignacio Zoido, quien ha calificado a Perata como \u00abrejoneador de \u00e9poca, novelista, poeta, compositor, investigador y divulgador del mundo del caballo y el toro reconocido con la Medalla de Oro de las Bellas Artes en 2013\u00bb. Rejoneador de \u00e9poca, novelista, poeta, compositor, investigador y divulgador del mundo del caballo y el toro reconocido con la Medalla de Oro de las Bellas Artes en 2013. Descanse en paz \u00c1ngel Peralta, el Centauro de las Marismas. pic.twitter.com\/vzxovq7JJ0&mdash; Juan Ignacio Zoido (@zoidoJI) 7 de abril de 2018 Tambi\u00e9n el ayuntamiento sevillano de La Puebla del R\u00edo, localidad natal de \u00c1ngel Peralta, ha mandado un mensaje de p\u00e9same a la familia del ilustre rejoneador. Adem\u00e1s, el periodista y escritor Antonio Burgos reconoc\u00eda: \u00abLas marismas del Guadalquivir se han quedado sin Centauro. Ha muerto el rejoneador, ganadero, fil\u00f3sofo y poeta Angel Peralta. Depositamos en su memoria la Rosa de la suerte que invent\u00f3. DEP, torero\u00bb.<br \/>\nVia: <a href=\"http:\/\/sevilla.abc.es\/cultura\/toros\/sevi-mundo-toro-cultura-y-politica-llora-muerte-angel-peralta-201804071854_noticia.html\" target=\"_blank\">El mundo del toro, la pol\u00edtica y la cultura llora la muerte de Peralta<\/a><\/p>\n","protected":false},"excerpt":{"rendered":"<p>La muerte del rejoneador \u00c1ngel Peralta a los 93 a\u00f1os ha sobrecogido no s\u00f3lo al mundo del toro, del que fue un referente por la profesionalizaci\u00f3n que hizo del toreo ecuestre, sino tambi\u00e9n al de la cultura y la pol\u00edtica. La reacci\u00f3n m\u00e1s relevante ha sido la del rejoneador hispanoluso [&hellip;]<\/p>\n","protected":false},"author":2,"featured_media":35966,"comment_status":"open","ping_status":"closed","sticky":false,"template":"","format":"standard","meta":{"footnotes":""},"categories":[6],"tags":[],"class_list":["post-35965","post","type-post","status-publish","format-standard","has-post-thumbnail","hentry","category-spanish"],"_links":{"self":[{"href":"https:\/\/theworldwidejournal.com\/index.php?rest_route=\/wp\/v2\/posts\/35965","targetHints":{"allow":["GET"]}}],"collection":[{"href":"https:\/\/theworldwidejournal.com\/index.php?rest_route=\/wp\/v2\/posts"}],"about":[{"href":"https:\/\/theworldwidejournal.com\/index.php?rest_route=\/wp\/v2\/types\/post"}],"author":[{"embeddable":true,"href":"https:\/\/theworldwidejournal.com\/index.php?rest_route=\/wp\/v2\/users\/2"}],"replies":[{"embeddable":true,"href":"https:\/\/theworldwidejournal.com\/index.php?rest_route=%2Fwp%2Fv2%2Fcomments&post=35965"}],"version-history":[{"count":0,"href":"https:\/\/theworldwidejournal.com\/index.php?rest_route=\/wp\/v2\/posts\/35965\/revisions"}],"wp:featuredmedia":[{"embeddable":true,"href":"https:\/\/theworldwidejournal.com\/index.php?rest_route=\/wp\/v2\/media\/35966"}],"wp:attachment":[{"href":"https:\/\/theworldwidejournal.com\/index.php?rest_route=%2Fwp%2Fv2%2Fmedia&parent=35965"}],"wp:term":[{"taxonomy":"category","embeddable":true,"href":"https:\/\/theworldwidejournal.com\/index.php?rest_route=%2Fwp%2Fv2%2Fcategories&post=35965"},{"taxonomy":"post_tag","embeddable":true,"href":"https:\/\/theworldwidejournal.com\/index.php?rest_route=%2Fwp%2Fv2%2Ftags&post=35965"}],"curies":[{"name":"wp","href":"https:\/\/api.w.org\/{rel}","templated":true}]}}