{"id":36034,"date":"1970-01-01T01:00:00","date_gmt":"1970-01-01T00:00:00","guid":{"rendered":"https:\/\/theworldwidejournal.com\/1970\/01\/01\/mauricio-macri-la-relacion-de-argentina-con-espana-es-la-de-dos-amantes-que-se-han-reencontrado\/"},"modified":"1970-01-01T01:00:00","modified_gmt":"1970-01-01T00:00:00","slug":"mauricio-macri-la-relacion-de-argentina-con-espana-es-la-de-dos-amantes-que-se-han-reencontrado","status":"publish","type":"post","link":"https:\/\/theworldwidejournal.com\/?p=36034","title":{"rendered":"Mauricio Macri: \u00abLa relaci\u00f3n de Argentina con Espa\u00f1a es la de dos amantes que se han reencontrado\u00bb"},"content":{"rendered":"<p>Mariano Rajoy llega este lunes a Buenos Aires en visita oficial. Hac\u00eda once a\u00f1os que un presidente espa\u00f1ol no viajaba a Argentina. El accidentado periodo kirchnerista \u2013tiempo oscuro y de retroceso\u2013 alej\u00f3 a los dos pa\u00edses. Afortunadamente la situaci\u00f3n ha dado un giro radical. Hoy se puede decir que Argentina est\u00e1 de vuelta. Como dice su presidente, Mauricio Macri, \u00abtrata de ser un pa\u00eds normal\u00bb. El mandatario argentino, un ingeniero y antiguo empresario, padre de cuatro hijos y nacido hace 59 a\u00f1os en la ciudad bonaerense de Tandil, recibe al diario ABC en la residencia de Olivos. Es una estupenda finca, no muy grande, en cuyo interior no hay apenas muestra alguna de ostentaci\u00f3n. Me llama la atenci\u00f3n la elegante austeridad que caracteriza a todo el complejo, incluido el despacho del propio Macri. Me acompa\u00f1an durante la entrevista el embajador de Argentina en Espa\u00f1a, Ram\u00f3n Puerta, la corresponsal de ABC en este pa\u00eds, Carmen de Carlos, y el director de Relaciones Institucionales de Vocento, \u00d3scar Campillo. En un ambiente distendido, nada encorsetado, encontramos al presidente Macri inmerso en su faena diaria. La corbata ha desaparecido del paisaje humano de Olivos. El presidente no la lleva y su entorno tampoco. Es un mero gesto est\u00e9tico, pero que est\u00e1 extendido entre todos los miembros de su gabinete. Todo parece accesible en la soleada ma\u00f1ana del oto\u00f1o bonaerense que se cuela por las ventanas del di\u00e1fano despacho presidencial. La transformaci\u00f3n y modernizaci\u00f3n de Argentina y su regreso a la normalidad van not\u00e1ndose poco a poco, pero no al ritmo que a Macri le hubiese gustado. El hoy presidente hizo del combate contra la pobreza su principal bandera electoral y por ah\u00ed justamente iniciamos la conversaci\u00f3n. \u00bfSu objetivo de \u00abpobreza cero\u00bb va por buen camino? Claro que s\u00ed. Pobreza cero es como un faro al que tenemos que ir. Sabemos que lleva a\u00f1os, pero lo importante es dar peque\u00f1os pasos todos los d\u00edas en la direcci\u00f3n correcta, y eso es lo que estamos haciendo. Los resultados se\u00f1alan que hemos pasado de m\u00e1s de un 32% de pobreza a 25,7%. Este problema est\u00e1 muy ligado adem\u00e1s a otra batalla que tenemos que dar: reducir la inflaci\u00f3n, que es como un mal impuesto que cobra un mal Gobierno a su gente y que perjudica siempre al que menos tiene. Argentina va rumbo a su erradicaci\u00f3n y esperamos que en el 2019 sea de un d\u00edgito. \u00bfSe est\u00e1 cumpliendo o no su deseo de que \u00abArgentina sea un pa\u00eds normal\u00bb? Vamos en la direcci\u00f3n correcta. Hay que tratar de encontrar soluciones y dejar de buscar culpables a las cosas que nos han pasado. Ahora tenemos un sistema de estad\u00edsticas fiable, sabemos cu\u00e1l es el nivel de pobreza, de desempleo, los empleos que se generan, en qu\u00e9 sectores y c\u00f3mo est\u00e1 creciendo la econom\u00eda. Es un punto de partida important\u00edsimo si uno quiere crecer y desarrollarse. Pero para lograrlo se necesita confianza y \u00e9sta llega a partir de la verdad . Hay sectores empresariales en el exterior que se resisten a invertir en Argentina por temor a la falta de seguridad jur\u00eddica\u2026 Trabajamos para que la justicia se consolide y trabaje en forma independiente. Aprovechando una de las tantas trampas que hac\u00eda el gobierno anterior, que era no nombrar jueces subrogantes (provisionales), ahora podemos nombrar a cientos de jueces en juzgados vacantes. Pero lo vamos a hacer mediante un concurso donde los elegidos sean los mejores. Esta medida va a mejorar la calidad institucional de Argentina. En la misma l\u00ednea, la Corte Suprema propuso una reforma importante para mejorar el funcionamiento y recuperar la credibilidad y el prestigio de la justicia. La ley debe ser igual para todos. Ese es un compromiso que hemos asumido. Siento que estamos cambiando la historia y no por decisi\u00f3n de un presidente, sino por el deseo de una mayor\u00eda de argentinos que hemos entendido que el camino del atajo, de la viveza criolla mal entendida, es una senda que ha llevado a tener m\u00e1s de un tercio de argentinos en la pobreza, por m\u00e1s que hayamos logrado bajar los \u00edndices. La lucha contra la corrupci\u00f3n kirchnerista parec\u00eda ejemplar pero, \u00faltimamente, los jueces y los fiscales no parecen tener tanto celo, a la vista de los presos que est\u00e1n siendo liberados\u2026 No pienso lo mismo. Hay instancias superiores que han corregido a jueces, pero los procesos judiciales por los temas de fondo contin\u00faan. Antes la pol\u00edtica estaba muy mezclada con la justicia, pero el Gobierno, con el presidente a la cabeza, ha decidido no interferir. Respetamos la independencia del Poder Judicial. Parece que la econom\u00eda no es competitiva. El proteccionismo, o nacionalismo, est\u00e1 provocando que grandes cadenas de supermercados, como Carrefour o D\u00eda, se planteen la posibilidad de abandonar Argentina. No. No se va a ir ninguno. Estamos trabajando para eludir la evasi\u00f3n de cadenas, ligadas a supermercados chinos, que son una competencia desleal y atentan contra el Estado, porque si no se tributa ni se pagan los impuestos no se puede sostener la educaci\u00f3n p\u00fablica, la sanidad, la seguridad\u2026 Los argentinos tienen que aprender que le va a ir bien a aquel que trabaja y cumple con la ley, no al que est\u00e1 todo el tiempo por fuera del sistema. La gente decidi\u00f3 que yo sea presidente, eligi\u00f3 el camino de la honestidad, la sinceridad, el cumplimiento. No quiere m\u00e1s trampas. Le planteo ejemplo de proteccionismo m\u00e1s pr\u00f3ximo: Telef\u00f3nica siente que se favorece m\u00e1s a las empresas nacionales o grupos como Clar\u00edn\u2026 No es verdad. Trabajamos para que la cancha sea bien pareja entre los tres grupos que son los grandes operadores, m\u00e1s otros medianos y peque\u00f1os. La semana que viene se debatir\u00e1 por primera vez en el Senado una ley que fija los elementos centrales que ser\u00e1n comunes a todos. Telef\u00f3nica, como todos los dem\u00e1s, tendr\u00e1 claro bajo qu\u00e9 reglas de juego va a competir. Si hay competencia, que es mi compromiso con las empresas, se logra el objetivo que yo quiero cumplir: que los argentinos tengamos acceso a mejores servicios&hellip;<br \/>\nVia: <a href=\"http:\/\/www.abc.es\/internacional\/abci-entrevista-presidente-argentina-mauricio-macri-relacion-argentina-espana-amantes-reencontrado-201804080230_noticia.html\" target=\"_blank\">Mauricio Macri: \u00abLa relaci\u00f3n de Argentina con Espa\u00f1a es la de dos amantes que se han reencontrado\u00bb<\/a><\/p>\n","protected":false},"excerpt":{"rendered":"<p>Mariano Rajoy llega este lunes a Buenos Aires en visita oficial. Hac\u00eda once a\u00f1os que un presidente espa\u00f1ol no viajaba a Argentina. El accidentado periodo kirchnerista \u2013tiempo oscuro y de retroceso\u2013 alej\u00f3 a los dos pa\u00edses. Afortunadamente la situaci\u00f3n ha dado un giro radical. Hoy se puede decir que Argentina [&hellip;]<\/p>\n","protected":false},"author":2,"featured_media":36035,"comment_status":"open","ping_status":"closed","sticky":false,"template":"","format":"standard","meta":{"footnotes":""},"categories":[6],"tags":[],"class_list":["post-36034","post","type-post","status-publish","format-standard","has-post-thumbnail","hentry","category-spanish"],"_links":{"self":[{"href":"https:\/\/theworldwidejournal.com\/index.php?rest_route=\/wp\/v2\/posts\/36034","targetHints":{"allow":["GET"]}}],"collection":[{"href":"https:\/\/theworldwidejournal.com\/index.php?rest_route=\/wp\/v2\/posts"}],"about":[{"href":"https:\/\/theworldwidejournal.com\/index.php?rest_route=\/wp\/v2\/types\/post"}],"author":[{"embeddable":true,"href":"https:\/\/theworldwidejournal.com\/index.php?rest_route=\/wp\/v2\/users\/2"}],"replies":[{"embeddable":true,"href":"https:\/\/theworldwidejournal.com\/index.php?rest_route=%2Fwp%2Fv2%2Fcomments&post=36034"}],"version-history":[{"count":0,"href":"https:\/\/theworldwidejournal.com\/index.php?rest_route=\/wp\/v2\/posts\/36034\/revisions"}],"wp:featuredmedia":[{"embeddable":true,"href":"https:\/\/theworldwidejournal.com\/index.php?rest_route=\/wp\/v2\/media\/36035"}],"wp:attachment":[{"href":"https:\/\/theworldwidejournal.com\/index.php?rest_route=%2Fwp%2Fv2%2Fmedia&parent=36034"}],"wp:term":[{"taxonomy":"category","embeddable":true,"href":"https:\/\/theworldwidejournal.com\/index.php?rest_route=%2Fwp%2Fv2%2Fcategories&post=36034"},{"taxonomy":"post_tag","embeddable":true,"href":"https:\/\/theworldwidejournal.com\/index.php?rest_route=%2Fwp%2Fv2%2Ftags&post=36034"}],"curies":[{"name":"wp","href":"https:\/\/api.w.org\/{rel}","templated":true}]}}