{"id":36185,"date":"1970-01-01T01:00:00","date_gmt":"1970-01-01T00:00:00","guid":{"rendered":"https:\/\/theworldwidejournal.com\/1970\/01\/01\/la-justicia-alemana-descarta-motivos-politicos-en-la-peticion-de-extradicion\/"},"modified":"1970-01-01T01:00:00","modified_gmt":"1970-01-01T00:00:00","slug":"la-justicia-alemana-descarta-motivos-politicos-en-la-peticion-de-extradicion","status":"publish","type":"post","link":"https:\/\/theworldwidejournal.com\/?p=36185","title":{"rendered":"La Justicia alemana descarta \u00abmotivos pol\u00edticos\u00bb en la petici\u00f3n de extradici\u00f3n"},"content":{"rendered":"<p>La Audiencia Territorial de Schleswig-Holstein ha descartado que en el pedido de la justicia espa\u00f1ola para la extradici\u00f3n del expresidente de la Generalitat de Catalu\u00f1a Carles Puigdemont exista una \u00abmotivaci\u00f3n pol\u00edtica\u00bb. \u00abNo hay indicios de que, entre los actos criminales que las autoridades espa\u00f1olas imputan al acusado, haya cargos que se le atribuyan con intenci\u00f3n de detenerle por motivos pol\u00edticos\u00bb, subraya el auto emitido por la Audiencia el pasado jueves y difundido hoy. El documento llega a esta conclusi\u00f3n tras establecer que es \u00absin duda necesario examinar\u00bb una eventual existencia de impedimentos a la extradici\u00f3n en el caso de que \u00e9sta pueda deberse a \u00abactuaciones hostiles\u00bb al Estado. Tambi\u00e9n constata que ese examen debe realizarse cuando, pese al car\u00e1cter criminal de los delitos imputados, el acusado est\u00e9 amenazado de sufrir una persecuci\u00f3n mayor de la que le corresponder\u00eda por \u00abrazones pol\u00edticas\u00bb. Tal descartar que se den estas circunstancias, destaca a continuaci\u00f3n la relaci\u00f3n de \u00abconfianza\u00bb y \u00abreconocimiento mutuo\u00bb existente entre los Estados miembros, factores en los que se fundamenta la creaci\u00f3n de un \u00abespacio de libertad, de seguridad y de derecho\u00bb. \u00abSalvo en situaci\u00f3n excepcionales, se da por sentado que el resto de los estados miembros respetan el derecho comunitario y observan los valores fundamentales establecidos\u00bb, concluye ese apartado de la resoluci\u00f3n. La Audiencia de Schleswig-Holstein, el \u00abLand\u00bb alem\u00e1n por el que Puigdemont entr\u00f3 en Alemania el pasado 25 de marzo y donde fue detenido, descart\u00f3 en su resoluci\u00f3n del pasado viernes el delito de rebeli\u00f3n y decret\u00f3 su libertad condicional mientras estudia su entrega por malversaci\u00f3n. El tribunal se desmarc\u00f3 as\u00ed en parte del escrito presentado el martes por la Fiscal\u00eda General de ese estado federado, que hab\u00eda respaldado en todos sus puntos la petici\u00f3n cursada por Espa\u00f1a y solicitado mantener en prisi\u00f3n a Puigdemont por riesgo de fuga. La Audiencia admiti\u00f3 que el peligro de fuga persiste, por lo que le impuso una fianza de 75.000 euros, as\u00ed como una serie de condiciones adicionales, como la de fijar un domicilio en Alemania, presentarse una vez por semana a la Polic\u00eda y no salir del pa\u00eds.<br \/>\nVia: <a href=\"http:\/\/sevilla.abc.es\/espana\/abci-justicia-alemana-descarta-peticion-extradicion-puigdemont-tenga-motivacion-politica-201804091239_noticia.html\" target=\"_blank\">La Justicia alemana descarta \u00abmotivos pol\u00edticos\u00bb en la petici\u00f3n de extradici\u00f3n<\/a><\/p>\n","protected":false},"excerpt":{"rendered":"<p>La Audiencia Territorial de Schleswig-Holstein ha descartado que en el pedido de la justicia espa\u00f1ola para la extradici\u00f3n del expresidente de la Generalitat de Catalu\u00f1a Carles Puigdemont exista una \u00abmotivaci\u00f3n pol\u00edtica\u00bb. \u00abNo hay indicios de que, entre los actos criminales que las autoridades espa\u00f1olas imputan al acusado, haya cargos que [&hellip;]<\/p>\n","protected":false},"author":2,"featured_media":36186,"comment_status":"open","ping_status":"closed","sticky":false,"template":"","format":"standard","meta":{"footnotes":""},"categories":[6],"tags":[],"class_list":["post-36185","post","type-post","status-publish","format-standard","has-post-thumbnail","hentry","category-spanish"],"_links":{"self":[{"href":"https:\/\/theworldwidejournal.com\/index.php?rest_route=\/wp\/v2\/posts\/36185","targetHints":{"allow":["GET"]}}],"collection":[{"href":"https:\/\/theworldwidejournal.com\/index.php?rest_route=\/wp\/v2\/posts"}],"about":[{"href":"https:\/\/theworldwidejournal.com\/index.php?rest_route=\/wp\/v2\/types\/post"}],"author":[{"embeddable":true,"href":"https:\/\/theworldwidejournal.com\/index.php?rest_route=\/wp\/v2\/users\/2"}],"replies":[{"embeddable":true,"href":"https:\/\/theworldwidejournal.com\/index.php?rest_route=%2Fwp%2Fv2%2Fcomments&post=36185"}],"version-history":[{"count":0,"href":"https:\/\/theworldwidejournal.com\/index.php?rest_route=\/wp\/v2\/posts\/36185\/revisions"}],"wp:featuredmedia":[{"embeddable":true,"href":"https:\/\/theworldwidejournal.com\/index.php?rest_route=\/wp\/v2\/media\/36186"}],"wp:attachment":[{"href":"https:\/\/theworldwidejournal.com\/index.php?rest_route=%2Fwp%2Fv2%2Fmedia&parent=36185"}],"wp:term":[{"taxonomy":"category","embeddable":true,"href":"https:\/\/theworldwidejournal.com\/index.php?rest_route=%2Fwp%2Fv2%2Fcategories&post=36185"},{"taxonomy":"post_tag","embeddable":true,"href":"https:\/\/theworldwidejournal.com\/index.php?rest_route=%2Fwp%2Fv2%2Ftags&post=36185"}],"curies":[{"name":"wp","href":"https:\/\/api.w.org\/{rel}","templated":true}]}}