{"id":36191,"date":"1970-01-01T01:00:00","date_gmt":"1970-01-01T00:00:00","guid":{"rendered":"https:\/\/theworldwidejournal.com\/1970\/01\/01\/susana-diaz-se-reunira-con-mariano-rajoy-el-miercoles-de-feria\/"},"modified":"1970-01-01T01:00:00","modified_gmt":"1970-01-01T00:00:00","slug":"susana-diaz-se-reunira-con-mariano-rajoy-el-miercoles-de-feria","status":"publish","type":"post","link":"https:\/\/theworldwidejournal.com\/?p=36191","title":{"rendered":"Susana D\u00edaz se reunir\u00e1 con Mariano Rajoy el mi\u00e9rcoles de Feria"},"content":{"rendered":"<p>La presidenta de la Junta, Susana D\u00edaz, y el presidente del Gobierno, Mariano Rajoy, se reunir\u00e1n en la Moncloa el pr\u00f3ximo mi\u00e9rcoles de Feria, 18 de abril, seg\u00fan han confirmado fuentes del Ejecutivo a ABC. El encuentro se celebrar\u00e1 a las 10.30 horas y se ha producido a petici\u00f3n de la presidenta Susana D\u00edaz que quiere una respuesta de Rajoy sobre la financiaci\u00f3n aut\u00f3nomica, ya que el asunto est\u00e1 parado desde hace m\u00e1s de un a\u00f1o. Susana D\u00edaz tambi\u00e9n quiere pedir explicaciones sobre los Presupuestos Generales del Estado que ha presentado el Gobierno central y que para ella son un \u00abatropello\u00bb para Andaluc\u00eda. Mariano Rajoy, sin embargo, ha defendido este fin de semana durante su presencia en Sevilla las cuentas p\u00fablicas, \u00abHemos subido la inversi\u00f3n un 27% y me critican, si se hubiese reducido un 27% es que ni aparezco, vamos\u00bb.<br \/>\nVia: <a href=\"http:\/\/sevilla.abc.es\/andalucia\/sevi-susana-diaz-reunira-rajoy-miercoles-feria-201804091030_noticia.html\" target=\"_blank\">Susana D\u00edaz se reunir\u00e1 con Mariano Rajoy el mi\u00e9rcoles de Feria<\/a><\/p>\n","protected":false},"excerpt":{"rendered":"<p>La presidenta de la Junta, Susana D\u00edaz, y el presidente del Gobierno, Mariano Rajoy, se reunir\u00e1n en la Moncloa el pr\u00f3ximo mi\u00e9rcoles de Feria, 18 de abril, seg\u00fan han confirmado fuentes del Ejecutivo a ABC. El encuentro se celebrar\u00e1 a las 10.30 horas y se ha producido a petici\u00f3n de [&hellip;]<\/p>\n","protected":false},"author":2,"featured_media":36192,"comment_status":"open","ping_status":"closed","sticky":false,"template":"","format":"standard","meta":{"footnotes":""},"categories":[6],"tags":[],"class_list":["post-36191","post","type-post","status-publish","format-standard","has-post-thumbnail","hentry","category-spanish"],"_links":{"self":[{"href":"https:\/\/theworldwidejournal.com\/index.php?rest_route=\/wp\/v2\/posts\/36191","targetHints":{"allow":["GET"]}}],"collection":[{"href":"https:\/\/theworldwidejournal.com\/index.php?rest_route=\/wp\/v2\/posts"}],"about":[{"href":"https:\/\/theworldwidejournal.com\/index.php?rest_route=\/wp\/v2\/types\/post"}],"author":[{"embeddable":true,"href":"https:\/\/theworldwidejournal.com\/index.php?rest_route=\/wp\/v2\/users\/2"}],"replies":[{"embeddable":true,"href":"https:\/\/theworldwidejournal.com\/index.php?rest_route=%2Fwp%2Fv2%2Fcomments&post=36191"}],"version-history":[{"count":0,"href":"https:\/\/theworldwidejournal.com\/index.php?rest_route=\/wp\/v2\/posts\/36191\/revisions"}],"wp:featuredmedia":[{"embeddable":true,"href":"https:\/\/theworldwidejournal.com\/index.php?rest_route=\/wp\/v2\/media\/36192"}],"wp:attachment":[{"href":"https:\/\/theworldwidejournal.com\/index.php?rest_route=%2Fwp%2Fv2%2Fmedia&parent=36191"}],"wp:term":[{"taxonomy":"category","embeddable":true,"href":"https:\/\/theworldwidejournal.com\/index.php?rest_route=%2Fwp%2Fv2%2Fcategories&post=36191"},{"taxonomy":"post_tag","embeddable":true,"href":"https:\/\/theworldwidejournal.com\/index.php?rest_route=%2Fwp%2Fv2%2Ftags&post=36191"}],"curies":[{"name":"wp","href":"https:\/\/api.w.org\/{rel}","templated":true}]}}