{"id":36260,"date":"1970-01-01T01:00:00","date_gmt":"1970-01-01T00:00:00","guid":{"rendered":"https:\/\/theworldwidejournal.com\/1970\/01\/01\/el-juez-llarena-y-el-jefe-de-los-mossos-en-la-entrega-de-despachos-judiciales\/"},"modified":"1970-01-01T01:00:00","modified_gmt":"1970-01-01T00:00:00","slug":"el-juez-llarena-y-el-jefe-de-los-mossos-en-la-entrega-de-despachos-judiciales","status":"publish","type":"post","link":"https:\/\/theworldwidejournal.com\/?p=36260","title":{"rendered":"El juez Llarena y el jefe de los Mossos, en la entrega de despachos judiciales"},"content":{"rendered":"<p>El magistrado del Tribunal Supremo Pablo Llarena, que ha procesado a la c\u00fapula del proceso unilateral hacia la independencia, ha compartido este lunes varios minutos con el jefe de los Mossos d&#8217;Esquadra, Ferran L\u00f3pez, al coincidir en Barcelona en el acto de entrega de despachos judiciales, presidido por el Rey. Llarena asiste como p\u00fablico al acto, en el que estaba previsto que participara su esposa, Gema Espinosa, directora de la Escuela Judicial, junto al Rey Felipe VI y al presidente del Consejo General del Poder Judicial (CGPJ) y presidente del Tribunal Supremo, Carlos Lesmes. Minutos antes de que se iniciara el acto, Llarena se ha acercado a la zona en la que se encontraba el jefe de los Mossos d&#8217;Esquadra, Ferran L\u00f3pez -a quien ya interrog\u00f3 como testigo en la causa sobre el 1-O- y han departido con \u00e9l durante unos minutos, en presencia del jefe de la Polic\u00eda Nacional en Catalu\u00f1a, el comisario Sebasti\u00e1n Trapote. En aquella ocasi\u00f3n, Ferr\u00e1n L\u00f3pez asegur\u00f3 al magistrado que conoc\u00eda el dispositivo de los Mossos para el 1 de octubre, contradiciendo la versi\u00f3n del coronel de la Guardia Civil Diego P\u00e9rez de los Cobos, que ha mantenido en sendas ocasiones en sede judicial que desde el cuerpo auton\u00f3mico no colaboron con el operativo. En lo que s\u00ed que coincidi\u00f3 con P\u00e9rez de los Cobos fue en que el dispositivo de los Mossos el 1-O fue \u00abinsuficiente\u00bb. Tambi\u00e9n se encontraba junto al corrillo el jefe de la Guardia Civil en Catalu\u00f1a, \u00c1ngel Gozalo, aunque en su caso no participaba directamente en la conversaci\u00f3n.<br \/>\nVia: <a href=\"http:\/\/www.abc.es\/espana\/abci-juez-llarena-y-jefe-mossos-desquadra-juntos-entrega-despachos-judiciales-201804091643_noticia.html\" target=\"_blank\">El juez Llarena y el jefe de los Mossos, en la entrega de despachos judiciales<\/a><\/p>\n","protected":false},"excerpt":{"rendered":"<p>El magistrado del Tribunal Supremo Pablo Llarena, que ha procesado a la c\u00fapula del proceso unilateral hacia la independencia, ha compartido este lunes varios minutos con el jefe de los Mossos d&#8217;Esquadra, Ferran L\u00f3pez, al coincidir en Barcelona en el acto de entrega de despachos judiciales, presidido por el Rey. [&hellip;]<\/p>\n","protected":false},"author":2,"featured_media":36261,"comment_status":"open","ping_status":"closed","sticky":false,"template":"","format":"standard","meta":{"footnotes":""},"categories":[6],"tags":[],"class_list":["post-36260","post","type-post","status-publish","format-standard","has-post-thumbnail","hentry","category-spanish"],"_links":{"self":[{"href":"https:\/\/theworldwidejournal.com\/index.php?rest_route=\/wp\/v2\/posts\/36260","targetHints":{"allow":["GET"]}}],"collection":[{"href":"https:\/\/theworldwidejournal.com\/index.php?rest_route=\/wp\/v2\/posts"}],"about":[{"href":"https:\/\/theworldwidejournal.com\/index.php?rest_route=\/wp\/v2\/types\/post"}],"author":[{"embeddable":true,"href":"https:\/\/theworldwidejournal.com\/index.php?rest_route=\/wp\/v2\/users\/2"}],"replies":[{"embeddable":true,"href":"https:\/\/theworldwidejournal.com\/index.php?rest_route=%2Fwp%2Fv2%2Fcomments&post=36260"}],"version-history":[{"count":0,"href":"https:\/\/theworldwidejournal.com\/index.php?rest_route=\/wp\/v2\/posts\/36260\/revisions"}],"wp:featuredmedia":[{"embeddable":true,"href":"https:\/\/theworldwidejournal.com\/index.php?rest_route=\/wp\/v2\/media\/36261"}],"wp:attachment":[{"href":"https:\/\/theworldwidejournal.com\/index.php?rest_route=%2Fwp%2Fv2%2Fmedia&parent=36260"}],"wp:term":[{"taxonomy":"category","embeddable":true,"href":"https:\/\/theworldwidejournal.com\/index.php?rest_route=%2Fwp%2Fv2%2Fcategories&post=36260"},{"taxonomy":"post_tag","embeddable":true,"href":"https:\/\/theworldwidejournal.com\/index.php?rest_route=%2Fwp%2Fv2%2Ftags&post=36260"}],"curies":[{"name":"wp","href":"https:\/\/api.w.org\/{rel}","templated":true}]}}