{"id":36264,"date":"1970-01-01T01:00:00","date_gmt":"1970-01-01T00:00:00","guid":{"rendered":"https:\/\/theworldwidejournal.com\/1970\/01\/01\/el-gobierno-aleman-desacredita-las-declaraciones-de-la-ministra-barley\/"},"modified":"1970-01-01T01:00:00","modified_gmt":"1970-01-01T00:00:00","slug":"el-gobierno-aleman-desacredita-las-declaraciones-de-la-ministra-barley","status":"publish","type":"post","link":"https:\/\/theworldwidejournal.com\/?p=36264","title":{"rendered":"El Gobierno alem\u00e1n desacredita las declaraciones de la ministra Barley"},"content":{"rendered":"<p>El portavoz del gobierno alem\u00e1n, Steffen Seibert, ha aclarado que \u00abla posici\u00f3n del gobierno alem\u00e1n sigue siendo la misma que desde el principio\u00bb y que considera el conflicto de Catalu\u00f1a \u00abun asunto interno que debe ser resuelto de acuerdo por los actores pol\u00edticos espa\u00f1oles, al amparo de la Constituci\u00f3n espa\u00f1ola y de acuerdo a la legislaci\u00f3n vigente en ese pa\u00eds\u00bb. Desacreditaba as\u00ed por completo las declaraciones de la ministra alemana de Justicia, Katarina Barley, publicadas el s\u00e1bado por S\u00fcddeutsche Zeitung y en las que calificaba de \u00abcompletamente correcta la decisi\u00f3n del tribunal\u00bb de poner en libertad a Puigdemont y en las que mostraba su alivio al saber que \u00abahora es un hombre libre en un pa\u00eds libre\u00bb. Tambi\u00e9n valoraba la ministra que \u00abahora tendr\u00e1n que probar que est\u00e1 justificada la acusaci\u00f3n por malversaci\u00f3n de fondos y no les va a ser nada f\u00e1cil\u00bb, unas declaraciones que supon\u00edan un sorprendente giro en la posici\u00f3n del gobierno alem\u00e1n y que, seg\u00fan los portavoces implicados, nunca se produjeron. \u00abLa ministra Barley ya ha llamado por tel\u00e9fono a su hom\u00f3logo espa\u00f1ol\u00bb para aclarar el asunto, ha dicho su representante en la rueda de prensa del gobierno, Piotr Malachowski, que por su parte se ha limitado a repetir una y otra vez que \u00abni ha habido un posicionamiento oficial de la ministra ni lo habr\u00e1 mientras dure el proceso en los tribunales\u00bb. \u00abNo hay ni habr\u00e1 ninguna entrevista autorizada\u00bb, ha se\u00f1alado, abriendo la puerta a la interpretaci\u00f3n seg\u00fan la cual S\u00fcddeutsche Zeitung ha publicado un off the record, como se conoce en el argot period\u00edstico a las declaraciones no publicables. \u00abEspa\u00f1a es un Estado democr\u00e1tico de derecho\u00bb, ha seguido el portavoz Seibert y mano derecha de Merkel, \u00abno deseamos nada concreto al se\u00f1or Puigdemont\u00bb m\u00e1s all\u00e1 de que \u00abeste conflicto se encamine a una soluci\u00f3n\u00bb. Ha despejado adem\u00e1s cualquier especulaci\u00f3n sobre una posible intenci\u00f3n de Alemania de intervenir como mediador internacional, como ha sugerido con insistencia Puigdemont desde que lleg\u00f3 a Berl\u00edn el s\u00e1bado, reiterando que se trata de un \u00abasunto interno\u00bb. La socialdem\u00f3crata Katarina Barley, hubiese preferido ser ministra de Exteriores, pero en el juego de la silla en que termin\u00f3 convertido el reparto de carteras entre las principales figuras del SPD, termin\u00f3 en Justicia. De padre escoc\u00e9s y madre alemana, tiene formaci\u00f3n jur\u00eddica y escribi\u00f3 su tesis doctoral sobre el derecho de los ciudadanos europeos a votar en las elecciones municipales. Durante sus estudios en Par\u00eds conoci\u00f3 a Antonio, hijos de padre espa\u00f1ol y madre alemana, de doble nacionalidad, con el que tuvo dos hijos y del que se ha divorciado recientemente. En el incidente diplom\u00e1tico que el gobierno espa\u00f1ol se ha avenido a olvidar de inmediato, no queda claro si Barley dijo lo que dijo y se ha visto despu\u00e9s obligada a dejar al periodista con el que hablaba a los pies de los caballos o si realmente se entrecomillaron unas palabras no autorizadas. Lo cierto es que el peri\u00f3dico retir\u00f3 esas declaraciones de su p\u00e1gina web.<br \/>\nVia: <a href=\"http:\/\/www.abc.es\/espana\/abci-gobierno-aleman-tilda-malentendido-apoyo-ministra-justicia-libertad-puigdemont-201804091308_noticia.html\" target=\"_blank\">El Gobierno alem\u00e1n desacredita las declaraciones de la ministra Barley<\/a><\/p>\n","protected":false},"excerpt":{"rendered":"<p>El portavoz del gobierno alem\u00e1n, Steffen Seibert, ha aclarado que \u00abla posici\u00f3n del gobierno alem\u00e1n sigue siendo la misma que desde el principio\u00bb y que considera el conflicto de Catalu\u00f1a \u00abun asunto interno que debe ser resuelto de acuerdo por los actores pol\u00edticos espa\u00f1oles, al amparo de la Constituci\u00f3n espa\u00f1ola [&hellip;]<\/p>\n","protected":false},"author":2,"featured_media":36265,"comment_status":"open","ping_status":"closed","sticky":false,"template":"","format":"standard","meta":{"footnotes":""},"categories":[6],"tags":[],"class_list":["post-36264","post","type-post","status-publish","format-standard","has-post-thumbnail","hentry","category-spanish"],"_links":{"self":[{"href":"https:\/\/theworldwidejournal.com\/index.php?rest_route=\/wp\/v2\/posts\/36264","targetHints":{"allow":["GET"]}}],"collection":[{"href":"https:\/\/theworldwidejournal.com\/index.php?rest_route=\/wp\/v2\/posts"}],"about":[{"href":"https:\/\/theworldwidejournal.com\/index.php?rest_route=\/wp\/v2\/types\/post"}],"author":[{"embeddable":true,"href":"https:\/\/theworldwidejournal.com\/index.php?rest_route=\/wp\/v2\/users\/2"}],"replies":[{"embeddable":true,"href":"https:\/\/theworldwidejournal.com\/index.php?rest_route=%2Fwp%2Fv2%2Fcomments&post=36264"}],"version-history":[{"count":0,"href":"https:\/\/theworldwidejournal.com\/index.php?rest_route=\/wp\/v2\/posts\/36264\/revisions"}],"wp:featuredmedia":[{"embeddable":true,"href":"https:\/\/theworldwidejournal.com\/index.php?rest_route=\/wp\/v2\/media\/36265"}],"wp:attachment":[{"href":"https:\/\/theworldwidejournal.com\/index.php?rest_route=%2Fwp%2Fv2%2Fmedia&parent=36264"}],"wp:term":[{"taxonomy":"category","embeddable":true,"href":"https:\/\/theworldwidejournal.com\/index.php?rest_route=%2Fwp%2Fv2%2Fcategories&post=36264"},{"taxonomy":"post_tag","embeddable":true,"href":"https:\/\/theworldwidejournal.com\/index.php?rest_route=%2Fwp%2Fv2%2Ftags&post=36264"}],"curies":[{"name":"wp","href":"https:\/\/api.w.org\/{rel}","templated":true}]}}