{"id":36333,"date":"1970-01-01T01:00:00","date_gmt":"1970-01-01T00:00:00","guid":{"rendered":"https:\/\/theworldwidejournal.com\/1970\/01\/01\/espadas-pide-calma-a-los-taxistas-y-espera-una-feria-sin-incidentes\/"},"modified":"1970-01-01T01:00:00","modified_gmt":"1970-01-01T00:00:00","slug":"espadas-pide-calma-a-los-taxistas-y-espera-una-feria-sin-incidentes","status":"publish","type":"post","link":"https:\/\/theworldwidejournal.com\/?p=36333","title":{"rendered":"Espadas pide \u00abcalma\u00bb a los taxistas y espera una Feria \u00absin incidentes\u00bb"},"content":{"rendered":"<p>El alcalde de Sevilla, el socialista Juan Espadas, ha se\u00f1alado este martes que la \u00abrelaci\u00f3n cotidiana entre el sector del taxi y los conductores de veh\u00edculos de transporte concertado, los VTC, sigue siendo tensa\u00bb, algo que se est\u00e1 comprobando en los \u00abgrandes eventos de la ciudad\u00bb. Por ello, ha subrayado su deseo de que la ya inminente Feria de Abril \u00abtranscurra sin incidentes\u00bb, haciendo \u00abun llamamiento a la calma, al di\u00e1logo y al sentido com\u00fan para evitar que surjan de nuevo problemas\u00bb. En declaraciones a los medios de comunicaci\u00f3n, Espadas ha abogado por \u00abdejar que termine y se culmine como corresponda\u00bb la causa que tramita el Juzgado de Instrucci\u00f3n 8 de Sevilla, por los supuestos casos de acoso, violencia y amenazas de taxistas a conductores de VTC que trabajan en la ciudad para empresas de alquiler de coches con ch\u00f3fer como Cabify. En paralelo, ha reconocido que la \u00abrelaci\u00f3n cotidiana con tensi\u00f3n\u00bb entre ambos sectores, extremo que se est\u00e1 \u00abviviendo en los grandes eventos\u00bb. Precisamente por eso, ha mostrado su confianza por que la Feria de Abril transcurra \u00absin incidentes\u00bb, exponiendo que el concejal de Seguridad, Movilidad y Fiestas Mayores, Juan Carlos Cabrera, \u00abse ha reunido de nuevo con el sector del taxi, para garantizar que todo el mundo pueda realizar su trabajo de manera correcta\u00bb. As\u00ed, el alcalde ha llamado \u00aba la calma, al di\u00e1logo y al sentido com\u00fan, porque lo principal es el servicio p\u00fablico que se presta al ciudadano y que las personas que prestan tales servicios puedan hacerlo de manera correcta\u00bb.<br \/>\nVia: <a href=\"http:\/\/sevilla.abc.es\/sevilla\/sevi-espadas-pide-calma-taxistas-y-espera-feria-transcurra-sin-incidentes-201804101342_noticia.html\" target=\"_blank\">Espadas pide \u00abcalma\u00bb a los taxistas y espera una Feria \u00absin incidentes\u00bb<\/a><\/p>\n","protected":false},"excerpt":{"rendered":"<p>El alcalde de Sevilla, el socialista Juan Espadas, ha se\u00f1alado este martes que la \u00abrelaci\u00f3n cotidiana entre el sector del taxi y los conductores de veh\u00edculos de transporte concertado, los VTC, sigue siendo tensa\u00bb, algo que se est\u00e1 comprobando en los \u00abgrandes eventos de la ciudad\u00bb. Por ello, ha subrayado [&hellip;]<\/p>\n","protected":false},"author":2,"featured_media":36334,"comment_status":"open","ping_status":"closed","sticky":false,"template":"","format":"standard","meta":{"footnotes":""},"categories":[6],"tags":[],"class_list":["post-36333","post","type-post","status-publish","format-standard","has-post-thumbnail","hentry","category-spanish"],"_links":{"self":[{"href":"https:\/\/theworldwidejournal.com\/index.php?rest_route=\/wp\/v2\/posts\/36333","targetHints":{"allow":["GET"]}}],"collection":[{"href":"https:\/\/theworldwidejournal.com\/index.php?rest_route=\/wp\/v2\/posts"}],"about":[{"href":"https:\/\/theworldwidejournal.com\/index.php?rest_route=\/wp\/v2\/types\/post"}],"author":[{"embeddable":true,"href":"https:\/\/theworldwidejournal.com\/index.php?rest_route=\/wp\/v2\/users\/2"}],"replies":[{"embeddable":true,"href":"https:\/\/theworldwidejournal.com\/index.php?rest_route=%2Fwp%2Fv2%2Fcomments&post=36333"}],"version-history":[{"count":0,"href":"https:\/\/theworldwidejournal.com\/index.php?rest_route=\/wp\/v2\/posts\/36333\/revisions"}],"wp:featuredmedia":[{"embeddable":true,"href":"https:\/\/theworldwidejournal.com\/index.php?rest_route=\/wp\/v2\/media\/36334"}],"wp:attachment":[{"href":"https:\/\/theworldwidejournal.com\/index.php?rest_route=%2Fwp%2Fv2%2Fmedia&parent=36333"}],"wp:term":[{"taxonomy":"category","embeddable":true,"href":"https:\/\/theworldwidejournal.com\/index.php?rest_route=%2Fwp%2Fv2%2Fcategories&post=36333"},{"taxonomy":"post_tag","embeddable":true,"href":"https:\/\/theworldwidejournal.com\/index.php?rest_route=%2Fwp%2Fv2%2Ftags&post=36333"}],"curies":[{"name":"wp","href":"https:\/\/api.w.org\/{rel}","templated":true}]}}