{"id":36335,"date":"1970-01-01T01:00:00","date_gmt":"1970-01-01T00:00:00","guid":{"rendered":"https:\/\/theworldwidejournal.com\/1970\/01\/01\/broncas-entre-vecinos-y-transportistas-por-la-reordenacion-de-mateos-gago\/"},"modified":"1970-01-01T01:00:00","modified_gmt":"1970-01-01T00:00:00","slug":"broncas-entre-vecinos-y-transportistas-por-la-reordenacion-de-mateos-gago","status":"publish","type":"post","link":"https:\/\/theworldwidejournal.com\/?p=36335","title":{"rendered":"Broncas entre vecinos y transportistas por la reordenaci\u00f3n de Mateos Gago"},"content":{"rendered":"<p>La asociaci\u00f3n de vecinos \u00abAmigos del barrio de Santa Cruz\u00bb ha aclarado su postura en relaci\u00f3n a la \u00absemipeatonalizaci\u00f3n\u00bb de la calle Mateos Gago, que desde el viernes pasado ha entrado en vigor reordenando el tr\u00e1fico en esta arteria fundamental de esta zona de la ciudad. La presidenta de la asociaci\u00f3n, Mar\u00eda Jos\u00e9 del Rey, ha explicado a ABC de Sevilla que el objetivo de los vecinos es que \u00absea un barrio vivo y abierto, en el que podamos entrar y salir sin problemas, sin restricciones. Nos presentaron un plan de movilidad totalmente restringido a los vecinos y lo hemos rechazado\u00bb. Del Rey ha asegurado que los vecinos no quieren en ning\u00fan caso que se peatonalice del todo la calle, aunque se permitiera la entrada a los residentes, por lo que la primera fase del plan, que no restringe la circulaci\u00f3n, les parece correcta. Sin embargo, s\u00ed est\u00e1n descontentos con la reubicaci\u00f3n del estacionamiento para residentes que tenga que compatibilizarse con la carga y descarga. En Mateos Gago se han habilitado tres plazas para carga y descarga de los hoteles y residentes, \u00aben vez de cuatro\u00bb. Adem\u00e1s, se han delimitado otras dos para minusv\u00e1lidos. La presidenta de la asociaci\u00f3n ha indicado que \u00ablas diez plazas de aparcamiento que han quitado de Mateos Gago han decidido ponerlas en Catalina de Ribera. All\u00ed han hecho una obra, junto a la plaza de Refinadores, y han habilitado plazas para la carga y descarga compartidas con los residentes, por lo que entre las 8 y las 12 de la ma\u00f1ana no se puede aparcar\u00bb. Del Rey, adem\u00e1s, se ha quejado de que \u00aba la hora de la verdad esto no es cierto, ya que a las 13 horas siguen las furgonetas aparcadas\u00bb. Galer\u00eda de im\u00e1genes Vea la galer&iacute;a completa (14 im&aacute;genes) Broncas por el aparcamiento Los vecinos advirtieron al Ayuntamiento de que esto, adem\u00e1s, har\u00eda que las furgonetas dieran la vuelta a la plaza de Refinadores en vez de salir marcha atr\u00e1s, \u00aby est\u00e1 ocurriendo lo que anunciamos, que aquello est\u00e1 repleto de furgonetas\u00bb. No obstante, desde Movilidad les han asegurado a los vecinos que la Polic\u00eda ir\u00e1 a esta zona para regular la situaci\u00f3n que, incluso, est\u00e1 provocando \u00abpeleas entre los vecinos y los que van con las furgonetas\u00bb. Los residentes consideran que con la reordenaci\u00f3n al tr\u00e1fico de Mateos Gago se ha perdido respecto al aparcamiento que, \u00abaunque est\u00e9 libre por la tarde, no queremos tener que estar pele\u00e1ndonos\u00bb. Por su parte, respecto a la reubicaci\u00f3n de la parada de taxis, Del Rey ha se\u00f1alado que tampoco se est\u00e1 cumpliendo lo previsto. La nueva zona se ha puesto en la zona del hotel EME, por lo que hay dos paradas: una en la Punta del Diamante, para aquellos taxis que salgan en direcci\u00f3n al Arenal; y otra junto al hotel, para los que salgan hacia el barrio de Santa Cruz. \u00abEl domingo pasado estaba llena de motos esta parada\u00bb, ha indicado la presidenta. El proyecto de reurbanizaci\u00f3n de Mateos Gago &#8211; ABC \u00abMateos Gago no es comparable ni con Betis ni con Asunci\u00f3n\u00bb La presidenta de la asociaci\u00f3n de vecinos \u00abAmigos del barrio de Santa Cruz, Mar\u00eda Jos\u00e9 del Rey, ha dejado claro que \u00abno se va a peatonalizar la calle Mateos Gago\u00bb, por lo que la obra de instalaci\u00f3n de una plataforma \u00fanica \u00abno nos va a afectar mucho\u00bb. Del Rey ha indicado que se va a dejar el carril como est\u00e1 ahora, de forma \u00absemipeatonal\u00bb, por varias fases: primero, desde Virgen de los Reyes hasta Rodrigo Caro -que podr\u00eda estar para antes de las elecciones municipales-, segundo entre Rodrigo Caro y Mes\u00f3n del Moro y, por \u00faltimo, desde este cruce hasta Fabiola. Del Rey considera que \u00abeste barrio no es comparable a Triana o Los Remedios, porque es todo peatonal salvo Mateos Gago, que es una arteria fundamental, por lo que tampoco se puede comparar con Betis ni con Asunci\u00f3n\u00bb.<br \/>\nVia: <a href=\"http:\/\/sevilla.abc.es\/sevilla\/sevi-nueva-carga-y-descarga-mateos-gago-causa-molestias-entre-vecinos-barrio-santa-cruz-201804101338_noticia.html\" target=\"_blank\">Broncas entre vecinos y transportistas por la reordenaci\u00f3n de Mateos Gago<\/a><\/p>\n","protected":false},"excerpt":{"rendered":"<p>La asociaci\u00f3n de vecinos \u00abAmigos del barrio de Santa Cruz\u00bb ha aclarado su postura en relaci\u00f3n a la \u00absemipeatonalizaci\u00f3n\u00bb de la calle Mateos Gago, que desde el viernes pasado ha entrado en vigor reordenando el tr\u00e1fico en esta arteria fundamental de esta zona de la ciudad. La presidenta de la [&hellip;]<\/p>\n","protected":false},"author":2,"featured_media":36336,"comment_status":"open","ping_status":"closed","sticky":false,"template":"","format":"standard","meta":{"footnotes":""},"categories":[6],"tags":[],"class_list":["post-36335","post","type-post","status-publish","format-standard","has-post-thumbnail","hentry","category-spanish"],"_links":{"self":[{"href":"https:\/\/theworldwidejournal.com\/index.php?rest_route=\/wp\/v2\/posts\/36335","targetHints":{"allow":["GET"]}}],"collection":[{"href":"https:\/\/theworldwidejournal.com\/index.php?rest_route=\/wp\/v2\/posts"}],"about":[{"href":"https:\/\/theworldwidejournal.com\/index.php?rest_route=\/wp\/v2\/types\/post"}],"author":[{"embeddable":true,"href":"https:\/\/theworldwidejournal.com\/index.php?rest_route=\/wp\/v2\/users\/2"}],"replies":[{"embeddable":true,"href":"https:\/\/theworldwidejournal.com\/index.php?rest_route=%2Fwp%2Fv2%2Fcomments&post=36335"}],"version-history":[{"count":0,"href":"https:\/\/theworldwidejournal.com\/index.php?rest_route=\/wp\/v2\/posts\/36335\/revisions"}],"wp:featuredmedia":[{"embeddable":true,"href":"https:\/\/theworldwidejournal.com\/index.php?rest_route=\/wp\/v2\/media\/36336"}],"wp:attachment":[{"href":"https:\/\/theworldwidejournal.com\/index.php?rest_route=%2Fwp%2Fv2%2Fmedia&parent=36335"}],"wp:term":[{"taxonomy":"category","embeddable":true,"href":"https:\/\/theworldwidejournal.com\/index.php?rest_route=%2Fwp%2Fv2%2Fcategories&post=36335"},{"taxonomy":"post_tag","embeddable":true,"href":"https:\/\/theworldwidejournal.com\/index.php?rest_route=%2Fwp%2Fv2%2Ftags&post=36335"}],"curies":[{"name":"wp","href":"https:\/\/api.w.org\/{rel}","templated":true}]}}