{"id":36409,"date":"1970-01-01T01:00:00","date_gmt":"1970-01-01T00:00:00","guid":{"rendered":"https:\/\/theworldwidejournal.com\/1970\/01\/01\/la-lider-de-los-cdr-si-paramos-el-puerto-de-barcelona-seria-brutal\/"},"modified":"1970-01-01T01:00:00","modified_gmt":"1970-01-01T00:00:00","slug":"la-lider-de-los-cdr-si-paramos-el-puerto-de-barcelona-seria-brutal","status":"publish","type":"post","link":"https:\/\/theworldwidejournal.com\/?p=36409","title":{"rendered":"La l\u00edder de los CDR: \u00abSi paramos el puerto de Barcelona ser\u00eda brutal\u00bb"},"content":{"rendered":"<p>La Fiscal\u00eda y la Guardia Civil han puesto en su punto de mira a los Comit\u00e9s de Defensa de la Rep\u00fablica (CDR). Ayer, en Viladecans (Barcelona), agentes del Instituto Armado detuvieron en su domicilio a Tamara C., a la que la Fiscal\u00eda atribuye los presuntos delitos de terrorismo y rebeli\u00f3n. Consideran que la activista dirig\u00eda y coordinaba los \u00abactos de sabotaje\u00bb de estos grupos vinculados a la izquierda radical. La Guardia Civil tambi\u00e9n sigue la pista de otro sospechoso de comandar la \u00abagitaci\u00f3n social\u00bb practicada por los CDR hacia instituciones pol\u00edticas y judiciales. Al cierre de esta edici\u00f3n, los agentes todav\u00eda no hab\u00edan podido localizar el paradero de este vecino de Esplugues del Llobregat (Barcelona), que no estaba en casa cuando por la ma\u00f1ana acudieron a su domicilio y contra quien tambi\u00e9n pesa una orden de detenci\u00f3n de la Audiencia Nacional. El operativo policial desplegado ayer se enmarca en la bautizada como \u00aboperaci\u00f3n Cadera\u00bb, dirigida por el Juzgado n\u00famero 6 de la Audiencia Nacional, que abri\u00f3 una investigaci\u00f3n tras recibir una denuncia de la Fiscal\u00eda por los delitos de terrorismo y rebeli\u00f3n. El Ministerio P\u00fablico considera que los dos investigados estar\u00edan al frente de los actos vand\u00e1licos coordinados y llevados a cabo la Semana Santa pasada. La Guardia Civil practic\u00f3 dos entradas y registros. En el domicilio de Tamara C. los agentes hallaron documentaci\u00f3n sobre un cuartel que el Instituto Armado tiene en la capital catalana, seg\u00fan explicaron fuentes de la investigaci\u00f3n. Tambi\u00e9n incautaron tel\u00e9fonos m\u00f3viles, un ordenador, una memoria externa, una agenda y carteler\u00eda de los CDR. Un audio de Tamara C. difundido en las redes sociales y grupos de mensajer\u00eda sobre c\u00f3mo deb\u00edan llevarse a cabo los sabotajes desde los CDR es el principal elemento que ha precipitado su detenci\u00f3n, seg\u00fan fuentes de la investigaci\u00f3n. En esa grabaci\u00f3n explicaba estrategias que pensaban llevar a cabo en Semana Santa, como cortes de carreteras y sabotajes de v\u00edas f\u00e9rreas, con el fin de justificar una huelga general. Ser\u00edan el pre\u00e1mbulo de otras acciones m\u00e1s contundentes, como sabotear el Puerto de Barcelona o Mercabarna, acciones que nunca se llevaron a cabo: \u00abSi podemos parar el puerto ser\u00eda brutal: dejamos sin avituallamiento a las islas Baleares, los chinos se cabrear\u00edan\u00bb, dec\u00eda en uno de los momentos de la grabaci\u00f3n. Tamara C. es conocida en Viladecans por su activismo social, especialmente en defensa del hospital p\u00fablico de la localidad. Se present\u00f3 en las listas de los comunes en las \u00faltimas elecciones municipales pero no sali\u00f3 elegida. La arrestada pasar\u00e1 a disposici\u00f3n judicial en las pr\u00f3ximas horas, para rendir cuentas ante el juez que dirige la operaci\u00f3n, el magistrado Diego de Egea, que la interrogar\u00e1. Disturbios en el Parlament Los disturbios callejeros derivados del conflicto independentista promovidos por los CDR tuvieron ayer tambi\u00e9n otro foco. Los Mossos d\u2019Esquadra detuvieron a ocho j\u00f3venes por supuestamente haber agredido a agentes de la Polic\u00eda catalana durante los altercados registrados ante el Parlamento catal\u00e1n el 30 de enero, tras aplazarse el fracasado pleno de investidura de Carles Puigdemont. Los ochos arrestados estaban en las localidades barcelonesas de \u00d2rrius, Malgrat de Mar, Arenys de Mar, Pont de Vilomara y en el municipio ilerdense de Solsona. Despu\u00e9s de pasar a disposici\u00f3n judicial quedaron en libertad con cargos. Los partidos pol\u00edticos independentistas no tardaron en reaccionar a las operaciones judiciales y Junts per Catalunya (JpC), ERC y la CUP salieron juntos a defender sin fisuras a los CDR, a los que consideran activos necesarios para conseguir la secesi\u00f3n. En esta l\u00ednea, los tres partidos, para hacer expreso el respaldo sin condiciones a los CDR, presentar\u00e1n una propuesta de resoluci\u00f3n en el Parlamento auton\u00f3mico, que se votar\u00e1 en el pr\u00f3ximo pleno ordinario, para que la C\u00e1mara legislativa catalana d\u00e9 su apoyo expl\u00edcito a estos grupos. Adem\u00e1s, est\u00e1n trabajando con la posibilidad de que se una a este apoyo los comunes de CatCom\u00fa-Podem, que ayer denunciaron las detenciones al considerarlas \u00abuna clara barbaridad\u00bb. Francesc de Dalmases (JpC), Ruben Wagensberg (ERC) y Nat\u00e0lia S\u00e0nchez (CUP) aseguraron que los CDR son \u00abc\u00edvicos, pac\u00edficos y democr\u00e1ticos\u00bb y sus acciones no son violentas. Dalmases asegur\u00f3 que Espa\u00f1a est\u00e1 \u00abenferma\u00bb, Wagensberg anunci\u00f3 que seguir\u00e1n en las calles para defender la rep\u00fablica catalana proclamada el pasado 27 de octubre y S\u00e0nchez se\u00f1al\u00f3 a los partidos constitucionalistas, los medios de comunicaci\u00f3n y la Justicia como responsables de la \u00abcriminalizaci\u00f3n\u00bb de los CDR. Por su parte, Fernando de P\u00e1ramo (Cs) defendi\u00f3 que hay que \u00abrespetar las resoluciones judiciales\u00bb y record\u00f3 que en el \u00faltimo pleno del Parlament JpC, ERC, CatCom\u00fa-Podem y la CUP rechazaron condenar la violencia de los CDR. Eva Granados (PSC) dijo no ver motivos para \u00abaplicar la legislaci\u00f3n antiterrorista\u00bb, pero record\u00f3 que el caso est\u00e1 bajo secreto de sumario.<br \/>\nVia: <a href=\"http:\/\/www.abc.es\/espana\/abci-lider-si-podemos-parar-puerto-seria-brutal-chinos-cabrearian-201804110252_noticia.html\" target=\"_blank\">La l\u00edder de los CDR: \u00abSi paramos el puerto de Barcelona ser\u00eda brutal\u00bb<\/a><\/p>\n","protected":false},"excerpt":{"rendered":"<p>La Fiscal\u00eda y la Guardia Civil han puesto en su punto de mira a los Comit\u00e9s de Defensa de la Rep\u00fablica (CDR). Ayer, en Viladecans (Barcelona), agentes del Instituto Armado detuvieron en su domicilio a Tamara C., a la que la Fiscal\u00eda atribuye los presuntos delitos de terrorismo y rebeli\u00f3n. [&hellip;]<\/p>\n","protected":false},"author":2,"featured_media":36410,"comment_status":"open","ping_status":"closed","sticky":false,"template":"","format":"standard","meta":{"footnotes":""},"categories":[6],"tags":[],"class_list":["post-36409","post","type-post","status-publish","format-standard","has-post-thumbnail","hentry","category-spanish"],"_links":{"self":[{"href":"https:\/\/theworldwidejournal.com\/index.php?rest_route=\/wp\/v2\/posts\/36409","targetHints":{"allow":["GET"]}}],"collection":[{"href":"https:\/\/theworldwidejournal.com\/index.php?rest_route=\/wp\/v2\/posts"}],"about":[{"href":"https:\/\/theworldwidejournal.com\/index.php?rest_route=\/wp\/v2\/types\/post"}],"author":[{"embeddable":true,"href":"https:\/\/theworldwidejournal.com\/index.php?rest_route=\/wp\/v2\/users\/2"}],"replies":[{"embeddable":true,"href":"https:\/\/theworldwidejournal.com\/index.php?rest_route=%2Fwp%2Fv2%2Fcomments&post=36409"}],"version-history":[{"count":0,"href":"https:\/\/theworldwidejournal.com\/index.php?rest_route=\/wp\/v2\/posts\/36409\/revisions"}],"wp:featuredmedia":[{"embeddable":true,"href":"https:\/\/theworldwidejournal.com\/index.php?rest_route=\/wp\/v2\/media\/36410"}],"wp:attachment":[{"href":"https:\/\/theworldwidejournal.com\/index.php?rest_route=%2Fwp%2Fv2%2Fmedia&parent=36409"}],"wp:term":[{"taxonomy":"category","embeddable":true,"href":"https:\/\/theworldwidejournal.com\/index.php?rest_route=%2Fwp%2Fv2%2Fcategories&post=36409"},{"taxonomy":"post_tag","embeddable":true,"href":"https:\/\/theworldwidejournal.com\/index.php?rest_route=%2Fwp%2Fv2%2Ftags&post=36409"}],"curies":[{"name":"wp","href":"https:\/\/api.w.org\/{rel}","templated":true}]}}