{"id":36411,"date":"1970-01-01T01:00:00","date_gmt":"1970-01-01T00:00:00","guid":{"rendered":"https:\/\/theworldwidejournal.com\/1970\/01\/01\/una-fundacion-politica-alemana-critica-la-liberacion-de-carles-puigdemont\/"},"modified":"1970-01-01T01:00:00","modified_gmt":"1970-01-01T00:00:00","slug":"una-fundacion-politica-alemana-critica-la-liberacion-de-carles-puigdemont","status":"publish","type":"post","link":"https:\/\/theworldwidejournal.com\/?p=36411","title":{"rendered":"Una fundaci\u00f3n pol\u00edtica alemana critica la liberaci\u00f3n de Carles Puigdemont"},"content":{"rendered":"<p>Algo m\u00e1s pausadas que las voces que celebraron en Alemania las decisiones tomadas hasta ahora por el Tribunal Superior de Justicia de Scheleswig-Holstein, van surgiendo otras muy cr\u00edticas con los jueces implicados. Una de ellas es la de la Fundaci\u00f3n Konrad Adenauer, que en un art\u00edculo publicado en el Frankfurter Allgmeine Zeitung ha acusado a ese tribunal de haberse excedido en sus competencias y elogia la democracia espa\u00f1ola por su correcci\u00f3n y su tolerancia. Wilhelm Hofmeister, que firma el art\u00edculo titulado \u00abCatalu\u00f1a y el declive de la Uni\u00f3n Europea\u00bb, vaticina que cuando los historiadores describan el fin de la UE, \u00abno resulta dif\u00edcil prever que encuentren el comportamiento de Alemania frente al separatismo catal\u00e1n como una de las causas m\u00e1s pr\u00f3ximas\u00bb. \u00abLa UE se basa en la idea de que constituye una comunidad de democracias liberales en un marco de Estado de derecho\u00bb, explica, acusando a Alemania de traicionar ese principio y no s\u00f3lo por la decisi\u00f3n del Tribunal de poner en libertad provisional al expresidente catal\u00e1n, sino tambi\u00e9n por la reacci\u00f3n de los pol\u00edticos y medios de comunicaci\u00f3n que, asegura, \u00abniegan\u00bb a la Justicia espa\u00f1ola la competencia para \u00abenjuiciar a los separatistas conforme a las reglas del Estado de derecho\u201d. \u00abEn lugar de concentrarse en las reglas b\u00e1sicas de la Orden de Detenci\u00f3n y Entrega y de extraditar a Puigdemont a Espa\u00f1a\u00bb, apunta, el tribual ha pretendido llevar a cabo en el plazo m\u00e1s corto posible una valoraci\u00f3n cualificada de los hechos que rodeaban el refer\u00e9ndum ilegal celebrado el 1 de octubre de 2017 en Catalu\u00f1a\u00bb. \u00abAlgo que no se le hab\u00eda exigido y que exced\u00eda claramente las competencias de dicho tribunal\u00bb, a\u00f1ade. Tambi\u00e9n reprocha que el Tribunal haya establecido analog\u00edas con el Estado Federal alem\u00e1n en su decisi\u00f3n, un \u00abprincipio err\u00f3neo\u00bb porque Espa\u00f1a \u00abno es ning\u00fan Estado federal\u00bb y porque las comunidades aut\u00f3nomas tienen una posici\u00f3n constitucional muy diferente a la de los estados federados alemanes. De hecho, precisa, los derechos auton\u00f3micos de Catalu\u00f1a \u00absuperan en muchos \u00e1mbitos el marco de competencias de los estados federados alemanes\u00bb. Concluye que la valoraci\u00f3n de las infracciones de la Constituci\u00f3n y de las leyes por parte de Puigdemont y su gobierno deber\u00eda dejarse en manos de los tribunales espa\u00f1oles y recuerda a Alemania que la democracia liberal espa\u00f1ola no s\u00f3lo permite que personas como Puigdemont y otros fugados de la Justicia puedan ser candidatos en las elecciones, sino que tambi\u00e9n tienen la posibilidad de delegar su voto y adem\u00e1s cobran. \u00abEn Alemania esto\u00bb, anota, \u00abser\u00eda impensable\u00bb.<br \/>\nVia: <a href=\"http:\/\/www.abc.es\/espana\/abci-fundacion-politica-alemana-critica-liberacion-puigdemont-esto-aqui-seria-impensable-201804110252_noticia.html\" target=\"_blank\">Una fundaci\u00f3n pol\u00edtica alemana critica la liberaci\u00f3n de Carles Puigdemont<\/a><\/p>\n","protected":false},"excerpt":{"rendered":"<p>Algo m\u00e1s pausadas que las voces que celebraron en Alemania las decisiones tomadas hasta ahora por el Tribunal Superior de Justicia de Scheleswig-Holstein, van surgiendo otras muy cr\u00edticas con los jueces implicados. Una de ellas es la de la Fundaci\u00f3n Konrad Adenauer, que en un art\u00edculo publicado en el Frankfurter [&hellip;]<\/p>\n","protected":false},"author":2,"featured_media":36412,"comment_status":"open","ping_status":"closed","sticky":false,"template":"","format":"standard","meta":{"footnotes":""},"categories":[6],"tags":[],"class_list":["post-36411","post","type-post","status-publish","format-standard","has-post-thumbnail","hentry","category-spanish"],"_links":{"self":[{"href":"https:\/\/theworldwidejournal.com\/index.php?rest_route=\/wp\/v2\/posts\/36411","targetHints":{"allow":["GET"]}}],"collection":[{"href":"https:\/\/theworldwidejournal.com\/index.php?rest_route=\/wp\/v2\/posts"}],"about":[{"href":"https:\/\/theworldwidejournal.com\/index.php?rest_route=\/wp\/v2\/types\/post"}],"author":[{"embeddable":true,"href":"https:\/\/theworldwidejournal.com\/index.php?rest_route=\/wp\/v2\/users\/2"}],"replies":[{"embeddable":true,"href":"https:\/\/theworldwidejournal.com\/index.php?rest_route=%2Fwp%2Fv2%2Fcomments&post=36411"}],"version-history":[{"count":0,"href":"https:\/\/theworldwidejournal.com\/index.php?rest_route=\/wp\/v2\/posts\/36411\/revisions"}],"wp:featuredmedia":[{"embeddable":true,"href":"https:\/\/theworldwidejournal.com\/index.php?rest_route=\/wp\/v2\/media\/36412"}],"wp:attachment":[{"href":"https:\/\/theworldwidejournal.com\/index.php?rest_route=%2Fwp%2Fv2%2Fmedia&parent=36411"}],"wp:term":[{"taxonomy":"category","embeddable":true,"href":"https:\/\/theworldwidejournal.com\/index.php?rest_route=%2Fwp%2Fv2%2Fcategories&post=36411"},{"taxonomy":"post_tag","embeddable":true,"href":"https:\/\/theworldwidejournal.com\/index.php?rest_route=%2Fwp%2Fv2%2Ftags&post=36411"}],"curies":[{"name":"wp","href":"https:\/\/api.w.org\/{rel}","templated":true}]}}