{"id":36479,"date":"1970-01-01T01:00:00","date_gmt":"1970-01-01T00:00:00","guid":{"rendered":"https:\/\/theworldwidejournal.com\/1970\/01\/01\/el-tramo-de-la-se-40-entre-espartinas-y-almensilla-estara-listo-en-julio\/"},"modified":"1970-01-01T01:00:00","modified_gmt":"1970-01-01T00:00:00","slug":"el-tramo-de-la-se-40-entre-espartinas-y-almensilla-estara-listo-en-julio","status":"publish","type":"post","link":"https:\/\/theworldwidejournal.com\/?p=36479","title":{"rendered":"El tramo de la SE-40 entre Espartinas y Almensilla estar\u00e1 listo en julio"},"content":{"rendered":"<p>Esta ma\u00f1ana, la alcaldesa de Espartinas, Olga Herv\u00e1s, y el concejal de Urbanismo, Jos\u00e9 Mar\u00eda Fern\u00e1ndez, mantuvieron una reuni\u00f3n en la Demarcaci\u00f3n de Carreteras del Estado en Andaluc\u00eda Occidental con el jefe de Demarcaci\u00f3n, Rodrigo V\u00e1zquez, y otros t\u00e9cnicos de la administraci\u00f3n, entre ellos el jefe de la obra de la SE-40. En esta reuni\u00f3n, Fomento comunic\u00f3 el inicio, el lunes de la semana pasada, de las obras de finalizaci\u00f3n del tramo Almensilla-Espartinas, noticia que ya fue adelantada por el Ayuntamiento de Espartinas. Desde Fomento apuntaron que la obra estar\u00e1 terminada durante el mes de julio y en la misma se colocar\u00e1n m\u00e1s de setenta mil metros lineales de biondas (barreras de seguridad met\u00e1licas), entre otras actuaciones. En cuanto al proceso de expropiaci\u00f3n de los terrenos necesarios para la construcci\u00f3n de los poco m\u00e1s de 200 metros lineales para conectar el casco urbano con el nudo de la SE-40 y A-49, el Ayuntamiento espera que estos terrenos pasen a titularidad municipal durante el mes de junio, para empezar la construcci\u00f3n del viario de forma inmediata. Otra de las cuestiones planteadas en la reuni\u00f3n es la conexi\u00f3n de la SE-40 con la A-8076 a su paso por Espartinas. La petici\u00f3n, realizada por el Consistorio espartinero en el mes de enero, ha sido elevada a la Direcci\u00f3n General de Carreteras. En este sentido, la alcald\u00eda ha solicitado una reuni\u00f3n con su titular, Jorge Urrecho, para tratar este asunto.<br \/>\nVia: <a href=\"http:\/\/sevilla.abc.es\/provincia\/aljarafe\/sevi-fomento-confirma-tramo-se-40-entre-espartinas-y-almensilla-estara-listo-julio-201804102112_noticia.html\" target=\"_blank\">El tramo de la SE-40 entre Espartinas y Almensilla estar\u00e1 listo en julio<\/a><\/p>\n","protected":false},"excerpt":{"rendered":"<p>Esta ma\u00f1ana, la alcaldesa de Espartinas, Olga Herv\u00e1s, y el concejal de Urbanismo, Jos\u00e9 Mar\u00eda Fern\u00e1ndez, mantuvieron una reuni\u00f3n en la Demarcaci\u00f3n de Carreteras del Estado en Andaluc\u00eda Occidental con el jefe de Demarcaci\u00f3n, Rodrigo V\u00e1zquez, y otros t\u00e9cnicos de la administraci\u00f3n, entre ellos el jefe de la obra de [&hellip;]<\/p>\n","protected":false},"author":2,"featured_media":36480,"comment_status":"open","ping_status":"closed","sticky":false,"template":"","format":"standard","meta":{"footnotes":""},"categories":[6],"tags":[],"class_list":["post-36479","post","type-post","status-publish","format-standard","has-post-thumbnail","hentry","category-spanish"],"_links":{"self":[{"href":"https:\/\/theworldwidejournal.com\/index.php?rest_route=\/wp\/v2\/posts\/36479","targetHints":{"allow":["GET"]}}],"collection":[{"href":"https:\/\/theworldwidejournal.com\/index.php?rest_route=\/wp\/v2\/posts"}],"about":[{"href":"https:\/\/theworldwidejournal.com\/index.php?rest_route=\/wp\/v2\/types\/post"}],"author":[{"embeddable":true,"href":"https:\/\/theworldwidejournal.com\/index.php?rest_route=\/wp\/v2\/users\/2"}],"replies":[{"embeddable":true,"href":"https:\/\/theworldwidejournal.com\/index.php?rest_route=%2Fwp%2Fv2%2Fcomments&post=36479"}],"version-history":[{"count":0,"href":"https:\/\/theworldwidejournal.com\/index.php?rest_route=\/wp\/v2\/posts\/36479\/revisions"}],"wp:featuredmedia":[{"embeddable":true,"href":"https:\/\/theworldwidejournal.com\/index.php?rest_route=\/wp\/v2\/media\/36480"}],"wp:attachment":[{"href":"https:\/\/theworldwidejournal.com\/index.php?rest_route=%2Fwp%2Fv2%2Fmedia&parent=36479"}],"wp:term":[{"taxonomy":"category","embeddable":true,"href":"https:\/\/theworldwidejournal.com\/index.php?rest_route=%2Fwp%2Fv2%2Fcategories&post=36479"},{"taxonomy":"post_tag","embeddable":true,"href":"https:\/\/theworldwidejournal.com\/index.php?rest_route=%2Fwp%2Fv2%2Ftags&post=36479"}],"curies":[{"name":"wp","href":"https:\/\/api.w.org\/{rel}","templated":true}]}}