{"id":36693,"date":"1970-01-01T01:00:00","date_gmt":"1970-01-01T00:00:00","guid":{"rendered":"https:\/\/theworldwidejournal.com\/1970\/01\/01\/la-contundente-respuesta-de-mendez-de-vigo-a-quienes-le-reprochan-que-cantara-el-novio-de-la-muerte\/"},"modified":"1970-01-01T01:00:00","modified_gmt":"1970-01-01T00:00:00","slug":"la-contundente-respuesta-de-mendez-de-vigo-a-quienes-le-reprochan-que-cantara-el-novio-de-la-muerte","status":"publish","type":"post","link":"https:\/\/theworldwidejournal.com\/?p=36693","title":{"rendered":"La contundente respuesta de M\u00e9ndez de Vigo a quienes le reprochan que cantara \u00abEl novio de la muerte\u00bb"},"content":{"rendered":"<p>El ministro de Educaci\u00f3n, Cultura y Deporte, \u00cd\u00f1igo M\u00e9ndez de Vigo, defendi\u00f3 el martes su libertad para cantar el himno de la Legi\u00f3n, \u00abEl novio de la muerte\u00bb, y afe\u00f3 a ERC sus cr\u00edticas, tachando a la formaci\u00f3n catalana de ser \u00abvieja izquierda\u00bb por decirle lo que debe cantar. Esquerra ha criticado lo que considera que fue una escena \u00abesperp\u00e9ntica y berlanguiana\u00bb. En un cara a cara en el Senado entre M\u00e9ndez de Vigo y la portavoz de Esquerra, Mirella Cort\u00e9s, el ministro ha asegurado que las canciones de Semana Santa y sus canciones forman parte de las manifestaciones culturales espa\u00f1olas: \u00abYa s\u00e9 por qu\u00e9 me lo dice, porque soy el ministro que mejor canta\u00bb. La presencia en el acto religioso y castrense de la ministra de Defensa, los ministros de Interior, Juan Ignacio Zoido; de Educaci\u00f3n, Cultura y Deporte, I\u00f1igo M\u00e9ndez de Vigo, as\u00ed como el titular de Justicia, Rafael Catal\u00e1 gener\u00f3 pol\u00e9mica durante la Semana Santa. Algo que defendi\u00f3 el portavoz del PP en el Congreso, Rafael Hernando, alegando que se trataba de una tradici\u00f3n espa\u00f1ola. \ud83c\udfa5 @IMendezdeVigo responde a la Senadora Mirella Cort\u00e9s de @Esquerra_ERC sobre cantar &quot;El novio de la muerte&quot; en la procesi\u00f3n del Cristo de la Buena Muerte en M\u00e1laga \ud83c\udfa4@lavoztelecinco pic.twitter.com\/giluvWr66s&mdash; PP Senado (@PPSenado) 10 de abril de 2018 El titular de Educaci\u00f3n, Cultura y Deporte ha defendido su libertad para entonar el himno de la Legi\u00f3n, asegurando que era algo que le apetec\u00eda. Y ha a\u00f1adido que durante el partido de la selecci\u00f3n de rugby cant\u00f3 el tema \u00abFeo, fuerte y formal\u00bb de Loquillo y en el partido de la Copa Davis el \u00abY Viva Espa\u00f1a\u00bb de Manolo Escobar. Adem\u00e1s ha avanzado que el 9 de mayo cantar\u00e1 el \u00abCanto a la Alegr\u00eda\u00bb cuando se entregue una medalla al presidente del Parlamento Europeo, Antonio Tajani. \u00abA lo mejor se contagia\u00bb Por su parte, Cort\u00e9s ha criticado la presencia de los ministros en la procesi\u00f3n del Cristo de la Buena Muerte en M\u00e1laga, asegurando que fue una escena \u00abesperp\u00e9ntica y berlanguiana\u00bb. Para ERC, el traje gris de los ministros y el verde de los legionarios procesionando \u00abdefine\u00bb al Gobierno del PP. Seg\u00fan Esquerra esa imagen recuerda al NODO y se trata de un gui\u00f1o a Mill\u00e1n Astray, un l\u00edder fascista, por lo que ha dicho que deber\u00eda darle verg\u00fcenza al Ejecutivo que sus ministros cantaran \u00abEl novio de la muerte\u00bb. Para Cort\u00e9s ese c\u00e1ntico habla de un relato falso de violencia que no existe, algo que ha vinculado con las acusaciones de terrorismo contra los Comit\u00e9s de Defensa de la Rep\u00fablica (CDR). Por ello ha pedido que dejen de acusar a estos grupos de terrorismo, sedici\u00f3n y rebeli\u00f3n. \u00abEso es represi\u00f3n de estado, todos somos CDR\u00bb, ha finalizado la senadora. \u00abNo sea izquierda vieja\u00bb, ha replicado M\u00e9ndez de Vigo, asegurando que Cort\u00e9s se entromete en lo que \u00abse tiene que hacer y lo que no se tiene que hacer\u00bb. \u00ab\u00bfQu\u00e9 problema tienen ustedes con la libertad? Me dice lo que tendr\u00eda que cantar, la libertad es que cada uno hace lo que quiere\u00bb, ha espetado a ERC. Asimismo, el ministro ha a\u00f1adido que la cofrad\u00eda del Cristo de la Buena Muerte le ha hecho cofrade honorario, por que ha asegurado que volver\u00e1 a acudir en el futuro a la procesi\u00f3n. Por ello, ha invitado a que Cort\u00e9s le acompa\u00f1e en una pr\u00f3xima Semana Santa sugiriendo que \u00aba lo mejor se contagia\u00bb del sentimiento y la f\u00e9 que se vive en ese evento.<br \/>\nVia: <a href=\"http:\/\/www.abc.es\/espana\/abci-contundente-respuesta-mendez-vigo-quienes-reprochan-cantara-novio-muerte-201804122313_noticia.html\" target=\"_blank\">La contundente respuesta de M\u00e9ndez de Vigo a quienes le reprochan que cantara \u00abEl novio de la muerte\u00bb<\/a><\/p>\n","protected":false},"excerpt":{"rendered":"<p>El ministro de Educaci\u00f3n, Cultura y Deporte, \u00cd\u00f1igo M\u00e9ndez de Vigo, defendi\u00f3 el martes su libertad para cantar el himno de la Legi\u00f3n, \u00abEl novio de la muerte\u00bb, y afe\u00f3 a ERC sus cr\u00edticas, tachando a la formaci\u00f3n catalana de ser \u00abvieja izquierda\u00bb por decirle lo que debe cantar. Esquerra [&hellip;]<\/p>\n","protected":false},"author":2,"featured_media":36694,"comment_status":"open","ping_status":"closed","sticky":false,"template":"","format":"standard","meta":{"footnotes":""},"categories":[6],"tags":[],"class_list":["post-36693","post","type-post","status-publish","format-standard","has-post-thumbnail","hentry","category-spanish"],"_links":{"self":[{"href":"https:\/\/theworldwidejournal.com\/index.php?rest_route=\/wp\/v2\/posts\/36693","targetHints":{"allow":["GET"]}}],"collection":[{"href":"https:\/\/theworldwidejournal.com\/index.php?rest_route=\/wp\/v2\/posts"}],"about":[{"href":"https:\/\/theworldwidejournal.com\/index.php?rest_route=\/wp\/v2\/types\/post"}],"author":[{"embeddable":true,"href":"https:\/\/theworldwidejournal.com\/index.php?rest_route=\/wp\/v2\/users\/2"}],"replies":[{"embeddable":true,"href":"https:\/\/theworldwidejournal.com\/index.php?rest_route=%2Fwp%2Fv2%2Fcomments&post=36693"}],"version-history":[{"count":0,"href":"https:\/\/theworldwidejournal.com\/index.php?rest_route=\/wp\/v2\/posts\/36693\/revisions"}],"wp:featuredmedia":[{"embeddable":true,"href":"https:\/\/theworldwidejournal.com\/index.php?rest_route=\/wp\/v2\/media\/36694"}],"wp:attachment":[{"href":"https:\/\/theworldwidejournal.com\/index.php?rest_route=%2Fwp%2Fv2%2Fmedia&parent=36693"}],"wp:term":[{"taxonomy":"category","embeddable":true,"href":"https:\/\/theworldwidejournal.com\/index.php?rest_route=%2Fwp%2Fv2%2Fcategories&post=36693"},{"taxonomy":"post_tag","embeddable":true,"href":"https:\/\/theworldwidejournal.com\/index.php?rest_route=%2Fwp%2Fv2%2Ftags&post=36693"}],"curies":[{"name":"wp","href":"https:\/\/api.w.org\/{rel}","templated":true}]}}