{"id":36697,"date":"1970-01-01T01:00:00","date_gmt":"1970-01-01T00:00:00","guid":{"rendered":"https:\/\/theworldwidejournal.com\/1970\/01\/01\/jpc-compara-a-llarena-con-tejero-es-un-golpe-de-estado-togado\/"},"modified":"1970-01-01T01:00:00","modified_gmt":"1970-01-01T00:00:00","slug":"jpc-compara-a-llarena-con-tejero-es-un-golpe-de-estado-togado","status":"publish","type":"post","link":"https:\/\/theworldwidejournal.com\/?p=36697","title":{"rendered":"JpC compara a Llarena con Tejero: \u00abEs un golpe de Estado togado\u00bb"},"content":{"rendered":"<p>\u00abHe decidido aplazar el pleno de la sesi\u00f3n de investidura convocada para el 13 de abril de 2018\u00bb. El presidente del Parlamento de Catalu\u00f1a desconvoc\u00f3 el pleno de investidura de Jordi S\u00e0nchez (JpC) previsto para hoy una vez se conoci\u00f3 que el magistrado del Tribunal Supremo (TS) Pablo Llarena deneg\u00f3 al candidato de JpC y ERC acudir al hemiciclo parlamentario. De esta manera, el Parlamento catal\u00e1n sigue sin fecha para investir un presidente auton\u00f3mico, pero no \u00absine die\u00bb pues est\u00e1 limitado al 22 de mayo, d\u00eda tope para evitar la convocatoria de elecciones. Con el de ayer, Torrent cosecha cuatro intentos fallidos de investir presidente: Carles Puigdemont, Jordi Turull -que se someti\u00f3 a una votaci\u00f3n, perdida por la falta de apoyo de la CUP- y dos de S\u00e0nchez. Como respuesta, Torrent ha convocado para hoy una reuni\u00f3n extraordinaria de la Mesa parlamentaria \u00abpara abordar las actuaciones pol\u00edticas y legales que se puedan derivar\u00bb. Sobre estas, los partidos secesionistas anunciaron que plantear\u00e1n a la Mesa que el Parlamento catal\u00e1n presente una querella contra el magistrado del TS. Llarena frustr\u00f3 este jueves el segundo intento de S\u00e0nchez, que volvi\u00f3 a intentarlo aun estando en prisi\u00f3n incondicional desde noviembre. El magistrado considera que persiste el riesgo de reiteraci\u00f3n delictiva por parte del exl\u00edder de la ANC, por lo que cerr\u00f3 la puerta a su asistencia presencial o telem\u00e1tica. En un auto amplio, de 54 folios, el instructor afirma que su postulaci\u00f3n como presidente de la Generalitat \u00abpresenta elementos que apuntan marcada y racionalmente\u00bb a que ese eventual mandato pueda quebrantar el orden constitucional. Si S\u00e0nchez consigue su objetivo, se\u00f1ala Llarena, puede transgredir las mismas \u00abnormas prohibitivas penales\u00bb que han justificado la incoaci\u00f3n de la presente causa. Por ello, priman los derechos pol\u00edticos colectivos sobre los derechos individuales que el procesado proclama en el escrito dirigido al magistrado. Respecto a la comunicaci\u00f3n del Comit\u00e9 de Derechos Humanos de la ONU, como acuse de recibo de una queja de S\u00e0nchez, que era el punto central del argumento de la defensa, Llarena recuerda que la comunicaci\u00f3n de este comit\u00e9 no supone que haga una indicaci\u00f3n concreta ni que sea vinculante para el tribunal. \u00abGolpe togado\u00bb Tras la decisi\u00f3n del magistrado instructor y la confirmaci\u00f3n del aplazamiento \u00absine die\u00bb de la investidura, Josep Costa y Elsa Artadi, portavoces de JpC, compararon al juez Llarena con el golpista Antonio Tejero: \u00abEs un golpe de Estado togado, han cambiado el Ej\u00e9rcito por los jueces. Tejero entr\u00f3 en el Congreso en 1981, Llarena entr\u00f3 en el Parlament en 2018\u00bb. Salvador Sabri\u00e0 (ERC) confirm\u00f3 y \u00abcelebr\u00f3\u00bb la presentaci\u00f3n de la querella contra el juez. Por su parte, desde Cs, Carlos Carrizosa critic\u00f3 la decisi\u00f3n de JpC y ERC y valor\u00f3 como incre\u00edbles \u00ablas coacciones y las amenazas contra el Poder Judicial\u00bb por parte de los secesionistas.<br \/>\nVia: <a href=\"http:\/\/www.abc.es\/espana\/abci-compara-juez-llarena-tejero-golpe-estado-togado-201804122312_noticia.html\" target=\"_blank\">JpC compara a Llarena con Tejero: \u00abEs un golpe de Estado togado\u00bb<\/a><\/p>\n","protected":false},"excerpt":{"rendered":"<p>\u00abHe decidido aplazar el pleno de la sesi\u00f3n de investidura convocada para el 13 de abril de 2018\u00bb. El presidente del Parlamento de Catalu\u00f1a desconvoc\u00f3 el pleno de investidura de Jordi S\u00e0nchez (JpC) previsto para hoy una vez se conoci\u00f3 que el magistrado del Tribunal Supremo (TS) Pablo Llarena deneg\u00f3 [&hellip;]<\/p>\n","protected":false},"author":2,"featured_media":36698,"comment_status":"open","ping_status":"closed","sticky":false,"template":"","format":"standard","meta":{"footnotes":""},"categories":[6],"tags":[],"class_list":["post-36697","post","type-post","status-publish","format-standard","has-post-thumbnail","hentry","category-spanish"],"_links":{"self":[{"href":"https:\/\/theworldwidejournal.com\/index.php?rest_route=\/wp\/v2\/posts\/36697","targetHints":{"allow":["GET"]}}],"collection":[{"href":"https:\/\/theworldwidejournal.com\/index.php?rest_route=\/wp\/v2\/posts"}],"about":[{"href":"https:\/\/theworldwidejournal.com\/index.php?rest_route=\/wp\/v2\/types\/post"}],"author":[{"embeddable":true,"href":"https:\/\/theworldwidejournal.com\/index.php?rest_route=\/wp\/v2\/users\/2"}],"replies":[{"embeddable":true,"href":"https:\/\/theworldwidejournal.com\/index.php?rest_route=%2Fwp%2Fv2%2Fcomments&post=36697"}],"version-history":[{"count":0,"href":"https:\/\/theworldwidejournal.com\/index.php?rest_route=\/wp\/v2\/posts\/36697\/revisions"}],"wp:featuredmedia":[{"embeddable":true,"href":"https:\/\/theworldwidejournal.com\/index.php?rest_route=\/wp\/v2\/media\/36698"}],"wp:attachment":[{"href":"https:\/\/theworldwidejournal.com\/index.php?rest_route=%2Fwp%2Fv2%2Fmedia&parent=36697"}],"wp:term":[{"taxonomy":"category","embeddable":true,"href":"https:\/\/theworldwidejournal.com\/index.php?rest_route=%2Fwp%2Fv2%2Fcategories&post=36697"},{"taxonomy":"post_tag","embeddable":true,"href":"https:\/\/theworldwidejournal.com\/index.php?rest_route=%2Fwp%2Fv2%2Ftags&post=36697"}],"curies":[{"name":"wp","href":"https:\/\/api.w.org\/{rel}","templated":true}]}}