{"id":36847,"date":"1970-01-01T01:00:00","date_gmt":"1970-01-01T00:00:00","guid":{"rendered":"https:\/\/theworldwidejournal.com\/1970\/01\/01\/redes-sociales-principal-herramienta-para-la-violencia-de-genero\/"},"modified":"1970-01-01T01:00:00","modified_gmt":"1970-01-01T00:00:00","slug":"redes-sociales-principal-herramienta-para-la-violencia-de-genero","status":"publish","type":"post","link":"https:\/\/theworldwidejournal.com\/?p=36847","title":{"rendered":"Redes sociales, principal herramienta para la violencia de g\u00e9nero"},"content":{"rendered":"<p>Si tu pareja empieza a vigilar los comentarios que haces en redes sociales, si revisa tus fotos o publicaciones para hacerte reproches, o si te presiona para que des de baja de tu lista de contactos personas que no son de su agrado o te exige compartir tus contrase\u00f1as, es momento de encender las alertas ante un posible caso posterior de ciberdelincuencia de g\u00e9nero. En Andaluc\u00eda, seg\u00fan el Instituto Andaluz de la Mujer (IAM), todas las adolescentes que han sido atendidas en el Programa de Atenci\u00f3n Psicol\u00f3gica a las Mujeres Menores de Edad V\u00edctimas de Violencia de G\u00e9nero han sufrido este tipo de delincuencia a trav\u00e9s de las redes sociales. As\u00ed lo ha indicado la directora del IAM, Elena Ruiz, durante la inauguraci\u00f3n de las I Jornadas G-CrimTech sobre G\u00e9nero, Redes sociales e Internet celebradas en la Universidad de M\u00e1laga. En este sentido, ha indicado que este dato demuestra \u00abla especial vulnerabilidad de la juventud ante esta nueva manifestaci\u00f3n de la violencia de g\u00e9nero, que, aunque afecta mujeres de todas las edades, es especialmente llamativa en la adolescencia\u00bb. Ruiz ha destacado la importancia de formar en el uso responsable de las redes sociales y de conocer la manera adecuada de actuar ante casos de ciberdelincuencia de g\u00e9nero, tal y como ha hecho Andaluc\u00eda, que \u00abha sido la primera comunidad aut\u00f3noma en atender todas las especificidades\u00bb de este delito. El protocolo, dirigido al personal del IAM, pretende formar a los profesionales para saber c\u00f3mo actuar y tratar a las v\u00edctimas de ciberdelincuencia de g\u00e9nero De esta forma, se ha puesto en marcha un protocolo de actuaci\u00f3n ante la ciberdelincuencia de g\u00e9nero, dirigido a todo el personal del IAM y a los Centros Municipales de Informaci\u00f3n a la Mujer, as\u00ed como a la red de acogida, con el fin de darles todas las pautas necesarias para atender de manera adecuada a las mujeres v\u00edctimas, sean o no adolescentes, que presentan s\u00edntomas de sufrir o haber sufrido este tipo de violencia digital. El protocolo dedica un apartado muy amplio a las pautas que se deben dar a la usuaria para garantizar su seguridad inform\u00e1tica: custodia de informaci\u00f3n, copias de seguridad, protecci\u00f3n de la red wifi, consulta t\u00e9cnica ante geolocalizadores o aplicaciones esp\u00edas, etc\u00e9tera; y para recabar pruebas electr\u00f3nicas que puedan servir en un juicio -im\u00e1genes, capturas de pantalla, wasaps, v\u00eddeos-, adem\u00e1s de aportar estrategias terap\u00e9uticas adecuadas para paliar los efectos psicol\u00f3gicos del control y de las crisis de reputaci\u00f3n a trav\u00e9s de las Tecnolog\u00edas de la Informaci\u00f3n y la Comunicaci\u00f3n. Junto a ello, el programa de atenci\u00f3n psicol\u00f3gica para v\u00edctimas adolescentes, que presta atenci\u00f3n especializada a las v\u00edctimas (previa autorizaci\u00f3n de sus tutores) y a sus familias, pone el foco en la prevenci\u00f3n y la actuaci\u00f3n ante la ciberdelincuencia de g\u00e9nero. Desarrolla diversas jornadas de formaci\u00f3n para profesionales del sector sanitario, educativo y de trabajo social para la detecci\u00f3n temprana de maltrato en j\u00f3venes, y ofrece una gu\u00eda dirigida a las familias andaluzas.<br \/>\nVia: <a href=\"http:\/\/sevilla.abc.es\/andalucia\/sevi-redes-sociales-principal-herramienta-para-violencia-genero-entre-adolescentes-andalucia-201804131426_noticia.html\" target=\"_blank\">Redes sociales, principal herramienta para la violencia de g\u00e9nero<\/a><\/p>\n","protected":false},"excerpt":{"rendered":"<p>Si tu pareja empieza a vigilar los comentarios que haces en redes sociales, si revisa tus fotos o publicaciones para hacerte reproches, o si te presiona para que des de baja de tu lista de contactos personas que no son de su agrado o te exige compartir tus contrase\u00f1as, es [&hellip;]<\/p>\n","protected":false},"author":2,"featured_media":36848,"comment_status":"open","ping_status":"closed","sticky":false,"template":"","format":"standard","meta":{"footnotes":""},"categories":[6],"tags":[],"class_list":["post-36847","post","type-post","status-publish","format-standard","has-post-thumbnail","hentry","category-spanish"],"_links":{"self":[{"href":"https:\/\/theworldwidejournal.com\/index.php?rest_route=\/wp\/v2\/posts\/36847","targetHints":{"allow":["GET"]}}],"collection":[{"href":"https:\/\/theworldwidejournal.com\/index.php?rest_route=\/wp\/v2\/posts"}],"about":[{"href":"https:\/\/theworldwidejournal.com\/index.php?rest_route=\/wp\/v2\/types\/post"}],"author":[{"embeddable":true,"href":"https:\/\/theworldwidejournal.com\/index.php?rest_route=\/wp\/v2\/users\/2"}],"replies":[{"embeddable":true,"href":"https:\/\/theworldwidejournal.com\/index.php?rest_route=%2Fwp%2Fv2%2Fcomments&post=36847"}],"version-history":[{"count":0,"href":"https:\/\/theworldwidejournal.com\/index.php?rest_route=\/wp\/v2\/posts\/36847\/revisions"}],"wp:featuredmedia":[{"embeddable":true,"href":"https:\/\/theworldwidejournal.com\/index.php?rest_route=\/wp\/v2\/media\/36848"}],"wp:attachment":[{"href":"https:\/\/theworldwidejournal.com\/index.php?rest_route=%2Fwp%2Fv2%2Fmedia&parent=36847"}],"wp:term":[{"taxonomy":"category","embeddable":true,"href":"https:\/\/theworldwidejournal.com\/index.php?rest_route=%2Fwp%2Fv2%2Fcategories&post=36847"},{"taxonomy":"post_tag","embeddable":true,"href":"https:\/\/theworldwidejournal.com\/index.php?rest_route=%2Fwp%2Fv2%2Ftags&post=36847"}],"curies":[{"name":"wp","href":"https:\/\/api.w.org\/{rel}","templated":true}]}}