{"id":36849,"date":"1970-01-01T01:00:00","date_gmt":"1970-01-01T00:00:00","guid":{"rendered":"https:\/\/theworldwidejournal.com\/1970\/01\/01\/dimiten-los-jefes-de-urgencias-del-pts-y-del-virgen-de-las-nieves\/"},"modified":"1970-01-01T01:00:00","modified_gmt":"1970-01-01T00:00:00","slug":"dimiten-los-jefes-de-urgencias-del-pts-y-del-virgen-de-las-nieves","status":"publish","type":"post","link":"https:\/\/theworldwidejournal.com\/?p=36849","title":{"rendered":"Dimiten los jefes de Urgencias del PTS y del Virgen de las Nieves"},"content":{"rendered":"<p>Los jefes de Urgencias del hospital de Traumatolog\u00eda \u2013perteneciente al complejo del Virgen de las Nieves\u2013 y del hospital del PTS, ambos en la capital granadina, presentaron sus renuncias ante las direcciones de los centros el mi\u00e9rcoles y el jueves de esta semana, respectivamente. La principal causa de esta dimisi\u00f3n, seg\u00fan informa Ideal de Granada, es la falta de personal que, concretamente en el PTS, se reduce a seis m\u00e9dicos de guardia las 24 horas para atender entre 450-500 usuarios diarios. \u00abEsto se saca adelante con el sobreesfuerzo del personal, porque se sobrepasan los est\u00e1ndares recomendables de pacientes asignados a m\u00e9dicos y enfermeros\u00bb, apostill\u00f3 un doctor de urgencias. Por ello, consideran necesario que se aumenten las plantillas para poder dar una asistencia de calidad, sin tantas demoras y con mayor agilidad en el ingreso de pacientes. \u00abTenemos problemas con las demoras y no podemos atender a los enfermos en el tiempo que ser\u00eda deseable. A eso se suma otro asunto grave: los retrasos en los ingresos desde las Urgencias, con pacientes que pasan hasta 70 horas en un sill\u00f3n o en una cama provisional antes de ser subidos a planta. Todos los d\u00edas, las Urgencias amanecen bloqueadas\u00bb, explic\u00f3 un empleado del hospital. A tenor de estas dimisiones, el PP de Granada ha calificado de \u00abbochornoso\u00bb que hayan tenido que presentar su renuncia por \u00abdignidad ante la evidente falta de personal\u00bb, y que no hayan renunciado los responsables pol\u00edticos del Gobierno andaluz, \u00abque son los que han dado lugar a la esperp\u00e9ntica situaci\u00f3n de la sanidad p\u00fablica en Granada\u00bb. En una nota de prensa, la parlamentaria del PP-A Eva Mart\u00edn ha manifestado que \u00abqueda demostrado una vez m\u00e1s que no podemos confiar en la palabra de la consejera Marina \u00c1lvarez, que afirm\u00f3 que el proceso en Granada se ha hecho desde el consenso y con \u00e9xito\u00bb, y ha a\u00f1adido que, mientras haya carencia de personal, \u00abno se podr\u00e1 prestar un servicio en condiciones de calidad y seguridad\u00bb. La diputada auton\u00f3mica ha puesto el acento en que la fusi\u00f3n que se acometi\u00f3 en Granada fue \u00abun ERE encubierto tanto de infraestructuras como de personal\u00bb, y en que, ahora, con la desfusi\u00f3n, se han devuelto las infraestructuras \u00abpero no se ha recuperado al personal del que se prescindi\u00f3\u00bb. La Junta de Andaluc\u00eda, por su parte, ha asegurado que los dos hospitales de Granada cuentan ahora con m\u00e1s personal que en 2016. El delegado territorial de Salud en Granada, Higinio Almagro, ha explicado a Efe que los relevos en cualquier tipo de organizaci\u00f3n son normales y ha considerado que el \u00abpaso atr\u00e1s\u00bb que han dado el responsable de urgencias del hospital del PTS y el jefe tambi\u00e9n de urgencias de Trauma responden al fin de un proyecto. Almagro ha agradecido el trabajo de los dos cargos y ha subrayado que la plantilla de los dos hospitales de Granada est\u00e1 por encima de los 8.200 profesionales, una cifra que supone 700 m\u00e1s que en 2016, cuando comenz\u00f3 la ya derogada fusi\u00f3n sanitaria. Ha apuntado adem\u00e1s que los servicios de urgencias han incrementado el n\u00famero de facultativos y que cuentan con una plantilla \u00abdimensionada\u00bb para dar una \u00abrespuesta adecuada\u00bb a los granadinos, pese a lo que la Junta mantiene un compromiso de mejora que pasa por incorporar personal y equipamiento.<br \/>\nVia: <a href=\"http:\/\/sevilla.abc.es\/andalucia\/granada\/sevi-dimiten-jefes-urgencias-y-virgen-nieves-granada-201804131825_noticia.html\" target=\"_blank\">Dimiten los jefes de Urgencias del PTS y del Virgen de las Nieves<\/a><\/p>\n","protected":false},"excerpt":{"rendered":"<p>Los jefes de Urgencias del hospital de Traumatolog\u00eda \u2013perteneciente al complejo del Virgen de las Nieves\u2013 y del hospital del PTS, ambos en la capital granadina, presentaron sus renuncias ante las direcciones de los centros el mi\u00e9rcoles y el jueves de esta semana, respectivamente. La principal causa de esta dimisi\u00f3n, [&hellip;]<\/p>\n","protected":false},"author":2,"featured_media":36850,"comment_status":"open","ping_status":"closed","sticky":false,"template":"","format":"standard","meta":{"footnotes":""},"categories":[6],"tags":[],"class_list":["post-36849","post","type-post","status-publish","format-standard","has-post-thumbnail","hentry","category-spanish"],"_links":{"self":[{"href":"https:\/\/theworldwidejournal.com\/index.php?rest_route=\/wp\/v2\/posts\/36849","targetHints":{"allow":["GET"]}}],"collection":[{"href":"https:\/\/theworldwidejournal.com\/index.php?rest_route=\/wp\/v2\/posts"}],"about":[{"href":"https:\/\/theworldwidejournal.com\/index.php?rest_route=\/wp\/v2\/types\/post"}],"author":[{"embeddable":true,"href":"https:\/\/theworldwidejournal.com\/index.php?rest_route=\/wp\/v2\/users\/2"}],"replies":[{"embeddable":true,"href":"https:\/\/theworldwidejournal.com\/index.php?rest_route=%2Fwp%2Fv2%2Fcomments&post=36849"}],"version-history":[{"count":0,"href":"https:\/\/theworldwidejournal.com\/index.php?rest_route=\/wp\/v2\/posts\/36849\/revisions"}],"wp:featuredmedia":[{"embeddable":true,"href":"https:\/\/theworldwidejournal.com\/index.php?rest_route=\/wp\/v2\/media\/36850"}],"wp:attachment":[{"href":"https:\/\/theworldwidejournal.com\/index.php?rest_route=%2Fwp%2Fv2%2Fmedia&parent=36849"}],"wp:term":[{"taxonomy":"category","embeddable":true,"href":"https:\/\/theworldwidejournal.com\/index.php?rest_route=%2Fwp%2Fv2%2Fcategories&post=36849"},{"taxonomy":"post_tag","embeddable":true,"href":"https:\/\/theworldwidejournal.com\/index.php?rest_route=%2Fwp%2Fv2%2Ftags&post=36849"}],"curies":[{"name":"wp","href":"https:\/\/api.w.org\/{rel}","templated":true}]}}