{"id":36918,"date":"1970-01-01T01:00:00","date_gmt":"1970-01-01T00:00:00","guid":{"rendered":"https:\/\/theworldwidejournal.com\/1970\/01\/01\/hare-un-gobierno-sin-sectarios-abierto-a-personas-de-otros-ambitos\/"},"modified":"1970-01-01T01:00:00","modified_gmt":"1970-01-01T00:00:00","slug":"hare-un-gobierno-sin-sectarios-abierto-a-personas-de-otros-ambitos","status":"publish","type":"post","link":"https:\/\/theworldwidejournal.com\/?p=36918","title":{"rendered":"\u00abHar\u00e9 un gobierno sin sectarios, abierto a personas de  otros \u00e1mbitos\u00bb"},"content":{"rendered":"<p>En s\u00f3lo unos d\u00edas, con el 7 de mayo como fecha l\u00edmite, el portavoz del PSOE en la Asamblea defender\u00e1 la moci\u00f3n de censura que su grupo ha planteado contra Cristina Cifuentes tras el esc\u00e1ndalo de su m\u00e1ster. Cree que ha llegado la hora de abrir una nueva etapa porque \u00abla situaci\u00f3n era insostenible, con m\u00e1ster y sin m\u00e1ster\u00bb. \u00bfEs usted un radical? Yo creo que no lo soy. Si algo me puede producir inquietud son los extremismos, los sectarismos, los partidismos. Es algo que me parece poco atractivo personalmente, y tambi\u00e9n para la sociedad, que creo que lo mira con mucha reticencia. Una cosa es que uno tenga firmeza en sus convicciones, y otra que quiera ser un extremista, que considere que s\u00f3lo el tiene la raz\u00f3n. Ni yo soy as\u00ed ni creo que el proyecto que nosotros defendemos sea as\u00ed. A las puertas de un cambio en el gobierno regional, hay dos posibles escenarios: moci\u00f3n o cambio de una persona por otra dentro del PP. Si finalmente hay moci\u00f3n de censura, \u00bfen el nuevo gobierno estar\u00eda s\u00f3lo el PSOE o estar\u00edan otros partidos? La moci\u00f3n la hemos presentado nosotros, ha dicho que la va a apoyar Podemos, ya veremos lo que hacen los dem\u00e1s grupos. Bienvenidos sean todo aquel que quiera apoyar una moci\u00f3n que est\u00e1 trabada en torno a un proyecto que es el de asuntos que hemos votado conjuntamente, al menos tres grupos y a veces los cuatro: no vamos con el programa del PSOE para que en ocho meses se aplique. Vamos con un programa que entiende que lo que ahora hace falta son consensos y acuerdos. Como ya hay debates hechos, y adem\u00e1s en sedes parlamentarias, y con resoluciones aprobadas, lo que vamos a hacer es poner en marcha eso. Para llegar a las pr\u00f3ximas elecciones en las condiciones de mayor serenidad pol\u00edtica y social. Las elecciones, en todo caso, son en la primavera del 19. Si antes hay una dimis\u00edon, decae la moci\u00f3n de censura. Hay much\u00edsimos acuerdos: ahora lo que queremos es que se cumplan. \u00bfEn un a\u00f1o escaso que queda, va a dar tiempo a hacer algo? Ese es nuestro desafio: nostros hacemos una propuesta de doscientas y pico acciones concretas, todas votadas y aprobadas en la Asamblea de Madrid. No son propuestas de lo que nos gustar\u00eda que pasara, sino sobre los acuerdos a que se ha llegado en la Comunidad de Madrid, y que no contradice nuestras opciones, porque los hemos votado. Todo lo que hemos puesto, yo he subrayado que es importante que se pueda hacer en un a\u00f1o y con los presupuestos de que disponemos. Nuestra obsesi\u00f3n es la viabilidad. Pero claro que hay un riesgo de que luego no lo hagamos bien; estoy dispuesto a correr ese riesgo pol\u00edtico de que esto resulte o no resulte. Tambi\u00e9n habr\u00eda cosas que se frenar\u00edan. Si; las grandes leyes necesitan grandes consensos, si queremos sostenibilidad y estabilidad. Una ley como puede ser la de Universidades, o la del Suelo, necesita de grandes consensos. Si en algo he mostrado mi disconformidad es porque esas leyes no tienen grandes consensos, no s\u00f3lo la mayor\u00eda para que la puedas sacar. \u00bfAhora estamos en circunstancias de lograr esos grandes consensos sobre esas leyes? F\u00e1cil no va a ser, esa es la verdad. Pero las leyes que hay que hacer sobre el suelo y sobre universidades, tiene que ser sobre grandes consensos. Podemos trabajar por ejemplo sobre un modelo de financiaci\u00f3n de las universidades p\u00fablicas: realismo, pragmatismo, pero vinculado a respuesta a necesidades de la sociedad y a nuestras propias convicciones compartidas con distintos grupos \u00bfHa pensado ya en su gobierno, c\u00f3mo va a ser? Primero, tengo muy poca tendencia en ponerme en la visi\u00f3n de que yo soy presidente de la Comunidad: no tengo esa ansiedad, ni esa enso\u00f1aci\u00f3n. Cuando haya de ocurrir, que ocurra. Pero en esta tesitura, a quien le corresponda gobernar, fuera quien fuere, deber\u00eda tener en su gobierno a personas que no sean extremistas, que no sean partidistas, que no sean sectarias. Que tengan solvencia y competencia para entender que lo que se trata es de resolver problemas de los ciudadanos. Y que tengan convicciones que tienen que ver con la prioridad de la dimensi\u00f3n social de lo p\u00fablico. Dentro de ese \u00e1mbito, es m\u00e1s f\u00e1cil que encuentre a algunas personas militantes socialistas, pero puede ser que no, estoy abierto a que sean tambi\u00e9n personas de otros \u00e1mbitos. \u00bfEso significa de otros partidos? En principio nosotros no hemos pensado de ninguna manera, en ning\u00fan momento, en un gobierno de coalici\u00f3n ni en un reparto de consejer\u00edas, ni entrar en una negociaci\u00f3n ahora de todos los proyectos que tenemos o de los programas pol\u00edticos. No creemos que lo que haya que hacer ese a\u00f1o es eso. Nuestra propuesta es un gobierno que no es de coalici\u00f3n, que no distribuye consejer\u00edas, sino un gobierno de respuesta conjunta a partir de lo aprobado. \u00bfEl voto de la moci\u00f3n de censura ser\u00e1 secreto? No, yo creo que no. Me extra\u00f1ar\u00eda que fuera secreto. \u00bfLa defender\u00e1 usted? Si, yo \u00abLa dimisi\u00f3n de Cifuentes creemos que llevar\u00eda a una alternativa dentro del propio PP que nos parece que est\u00e1 sin proyecto para Madrid, y en una especie de letargo mortecino\u00bb \u00bfSe f\u00eda de Ciudadanos? Han dicho que van a apoyarles si no hay dimisi\u00f3n previa, pero no han encontrado hueco para reunirse con ustedes. Si, me f\u00edo de Cs. No har\u00eda una propuesta sin fiarme de ellos. Lo que tambi\u00e9n quiero decir es que la pol\u00edtica es muy voluble, y las posiciones tienen una cierta tendencia a poder ser cambiantes. Hay que esperar hasta el \u00faltimo momento. Me f\u00edo, pero ellos que tambi\u00e9n se f\u00edan de s\u00ed mismos, tienen la capacidad de, seg\u00fan est\u00e9n las cosas, reorientar sus decisiones. De hecho, da un poco la impresi\u00f3n de que est\u00e1n a la espera de ver si se dirime lo de la dimisi\u00f3n, porque con eso decaer\u00eda la moci\u00f3n, y entonces estar\u00edamos en un escenario distinto de&hellip;<br \/>\nVia: <a href=\"http:\/\/www.abc.es\/espana\/madrid\/abci-angel-gabilondo-hare-gobierno-sin-sectarios-abierto-personas-otros-ambitos-201804140055_noticia.html\" target=\"_blank\">\u00abHar\u00e9 un gobierno sin sectarios, abierto a personas de  otros \u00e1mbitos\u00bb<\/a><\/p>\n","protected":false},"excerpt":{"rendered":"<p>En s\u00f3lo unos d\u00edas, con el 7 de mayo como fecha l\u00edmite, el portavoz del PSOE en la Asamblea defender\u00e1 la moci\u00f3n de censura que su grupo ha planteado contra Cristina Cifuentes tras el esc\u00e1ndalo de su m\u00e1ster. Cree que ha llegado la hora de abrir una nueva etapa porque [&hellip;]<\/p>\n","protected":false},"author":2,"featured_media":36919,"comment_status":"open","ping_status":"closed","sticky":false,"template":"","format":"standard","meta":{"footnotes":""},"categories":[6],"tags":[],"class_list":["post-36918","post","type-post","status-publish","format-standard","has-post-thumbnail","hentry","category-spanish"],"_links":{"self":[{"href":"https:\/\/theworldwidejournal.com\/index.php?rest_route=\/wp\/v2\/posts\/36918","targetHints":{"allow":["GET"]}}],"collection":[{"href":"https:\/\/theworldwidejournal.com\/index.php?rest_route=\/wp\/v2\/posts"}],"about":[{"href":"https:\/\/theworldwidejournal.com\/index.php?rest_route=\/wp\/v2\/types\/post"}],"author":[{"embeddable":true,"href":"https:\/\/theworldwidejournal.com\/index.php?rest_route=\/wp\/v2\/users\/2"}],"replies":[{"embeddable":true,"href":"https:\/\/theworldwidejournal.com\/index.php?rest_route=%2Fwp%2Fv2%2Fcomments&post=36918"}],"version-history":[{"count":0,"href":"https:\/\/theworldwidejournal.com\/index.php?rest_route=\/wp\/v2\/posts\/36918\/revisions"}],"wp:featuredmedia":[{"embeddable":true,"href":"https:\/\/theworldwidejournal.com\/index.php?rest_route=\/wp\/v2\/media\/36919"}],"wp:attachment":[{"href":"https:\/\/theworldwidejournal.com\/index.php?rest_route=%2Fwp%2Fv2%2Fmedia&parent=36918"}],"wp:term":[{"taxonomy":"category","embeddable":true,"href":"https:\/\/theworldwidejournal.com\/index.php?rest_route=%2Fwp%2Fv2%2Fcategories&post=36918"},{"taxonomy":"post_tag","embeddable":true,"href":"https:\/\/theworldwidejournal.com\/index.php?rest_route=%2Fwp%2Fv2%2Ftags&post=36918"}],"curies":[{"name":"wp","href":"https:\/\/api.w.org\/{rel}","templated":true}]}}