{"id":37130,"date":"1970-01-01T01:00:00","date_gmt":"1970-01-01T00:00:00","guid":{"rendered":"https:\/\/theworldwidejournal.com\/1970\/01\/01\/el-juez-llarena-explica-a-los-25-procesados-por-que-les-lleva-a-juicio\/"},"modified":"1970-01-01T01:00:00","modified_gmt":"1970-01-01T00:00:00","slug":"el-juez-llarena-explica-a-los-25-procesados-por-que-les-lleva-a-juicio","status":"publish","type":"post","link":"https:\/\/theworldwidejournal.com\/?p=37130","title":{"rendered":"El juez Llarena explica a los 25 procesados por qu\u00e9 les lleva a juicio"},"content":{"rendered":"<p>Los 25 procesados por el \u00abdise\u00f1o criminal\u00bb del 1-O en Catalu\u00f1a comparecen a partir de hoy ante el juez del Tribunal Supremo Pablo Llarena, quien les comunicar\u00e1 su decisi\u00f3n de llevarles a juicio por los delitos de rebeli\u00f3n, malversaci\u00f3n y desobediencia, seg\u00fan los casos. Inauguran estas declaraciones indagatorias, a partir de las diez de la ma\u00f1ana, el exvicepresidente de la Generalitat Oriol Junqueras y los l\u00edderes independentistas de la ANC y de \u00d2mnium Cultural, Jordi S\u00e0nchez y Jordi Cuixart, respectivamente. Los tres llevan en la c\u00e1rcel desde el pasado 2 de noviembre y, a juzgar por el \u00faltimo auto de S\u00e0nchez \u2013a quien el magistrado neg\u00f3 el jueves su libertad para acudir al Pleno del Parlament como candidato a la presidencia de la Generalitat\u2013, no parece que vayan a recuperar pronto la libertad. Aunque no es una declaraci\u00f3n propiamente dicha, sino que se trata de un mero tr\u00e1mite procesal, los investigados s\u00ed tendr\u00e1n la oportunidad de manifestar ante el juez lo que consideren conveniente. Ma\u00f1ana ser\u00e1n conducidos al Supremo los exconsejeros Joaquim Forn, Josep Rull y Ra\u00fcl Romeva, los tres en prisi\u00f3n desde el 21 de marzo, el d\u00eda en el que les fue notificado el auto de Llarena; y el mi\u00e9rcoles har\u00e1n lo mismo los tambi\u00e9n exconsejeros Jordi Turull y Dolors Bassa, y la expresidenta del Parlament Carme Focardell. Como los anteriores, ellos tambi\u00e9n ingresaron en prisi\u00f3n ese d\u00eda ante la gravedad de los delitos que se les imputan y un riesgo de fuga acrecentado por la huida, ese mismo d\u00eda, de una de las investigadas considerada clave en el \u00abproc\u00e9s\u00bb: la n\u00famero dos de ERC Marta Rovira. Una vez que los nueve procesados que est\u00e1n en prisi\u00f3n preventiva cumplan con este tr\u00e1mite, har\u00e1n lo propio los siete investigados que est\u00e1n en libertad, a los que a lo largo de esta semana se les ir\u00e1 comunicando el d\u00eda fijado para su indagatoria. Hay otros siete procesados huidos que obviamente no acudir\u00e1n a esta cita. Trapero reaparece En paralelo, la juez Lamela ha citado para hoy lunes a los cuatro procesados en la causa abierta en la Audiencia Nacional por la inacci\u00f3n de los Mossos d\u00b4Esquadra durante los d\u00edas 20 de septiembre \u2013el asedio a la Guardia Civil en la Consejer\u00eda de Econom\u00eda de Barcelona\u2013 y el 1 de octubre, la jornada del refer\u00e9ndum ilegal. Se trata del exmayor de los Mossos Josep LLuis Trapero, la intendente Teresa Laplana, y los superiores jer\u00e1rquicos de ambos: el jefe pol\u00edtico de Trapero, Pere Soler, y el exsecretario de Interior C\u00e9sar Puig, a las \u00f3rdenes del exconsejero Joaquim Forn. La magistrada proces\u00f3 a Trapero, Soler y Puig por sedici\u00f3n e integraci\u00f3n en organizaci\u00f3n criminal, mientras que a Laplana le atribuy\u00f3 un delito de sedici\u00f3n en relaci\u00f3n a los incidentes del 20-S. A juicio de Lamela, hubo un \u00abplan premeditado\u00bb en el que los Mossos fueron instrumentalizados para incumplir la ley.<br \/>\nVia: <a href=\"http:\/\/www.abc.es\/espana\/abci-llarena-explica-25-procesados-lleva-juicio-201804160212_noticia.html\" target=\"_blank\">El juez Llarena explica a los 25 procesados por qu\u00e9 les lleva a juicio<\/a><\/p>\n","protected":false},"excerpt":{"rendered":"<p>Los 25 procesados por el \u00abdise\u00f1o criminal\u00bb del 1-O en Catalu\u00f1a comparecen a partir de hoy ante el juez del Tribunal Supremo Pablo Llarena, quien les comunicar\u00e1 su decisi\u00f3n de llevarles a juicio por los delitos de rebeli\u00f3n, malversaci\u00f3n y desobediencia, seg\u00fan los casos. Inauguran estas declaraciones indagatorias, a partir [&hellip;]<\/p>\n","protected":false},"author":2,"featured_media":37131,"comment_status":"open","ping_status":"closed","sticky":false,"template":"","format":"standard","meta":{"footnotes":""},"categories":[6],"tags":[],"class_list":["post-37130","post","type-post","status-publish","format-standard","has-post-thumbnail","hentry","category-spanish"],"_links":{"self":[{"href":"https:\/\/theworldwidejournal.com\/index.php?rest_route=\/wp\/v2\/posts\/37130","targetHints":{"allow":["GET"]}}],"collection":[{"href":"https:\/\/theworldwidejournal.com\/index.php?rest_route=\/wp\/v2\/posts"}],"about":[{"href":"https:\/\/theworldwidejournal.com\/index.php?rest_route=\/wp\/v2\/types\/post"}],"author":[{"embeddable":true,"href":"https:\/\/theworldwidejournal.com\/index.php?rest_route=\/wp\/v2\/users\/2"}],"replies":[{"embeddable":true,"href":"https:\/\/theworldwidejournal.com\/index.php?rest_route=%2Fwp%2Fv2%2Fcomments&post=37130"}],"version-history":[{"count":0,"href":"https:\/\/theworldwidejournal.com\/index.php?rest_route=\/wp\/v2\/posts\/37130\/revisions"}],"wp:featuredmedia":[{"embeddable":true,"href":"https:\/\/theworldwidejournal.com\/index.php?rest_route=\/wp\/v2\/media\/37131"}],"wp:attachment":[{"href":"https:\/\/theworldwidejournal.com\/index.php?rest_route=%2Fwp%2Fv2%2Fmedia&parent=37130"}],"wp:term":[{"taxonomy":"category","embeddable":true,"href":"https:\/\/theworldwidejournal.com\/index.php?rest_route=%2Fwp%2Fv2%2Fcategories&post=37130"},{"taxonomy":"post_tag","embeddable":true,"href":"https:\/\/theworldwidejournal.com\/index.php?rest_route=%2Fwp%2Fv2%2Ftags&post=37130"}],"curies":[{"name":"wp","href":"https:\/\/api.w.org\/{rel}","templated":true}]}}