{"id":37132,"date":"1970-01-01T01:00:00","date_gmt":"1970-01-01T00:00:00","guid":{"rendered":"https:\/\/theworldwidejournal.com\/1970\/01\/01\/malestar-sindical-por-la-deriva-soberanista-de-ugt-y-cc-oo\/"},"modified":"1970-01-01T01:00:00","modified_gmt":"1970-01-01T00:00:00","slug":"malestar-sindical-por-la-deriva-soberanista-de-ugt-y-cc-oo","status":"publish","type":"post","link":"https:\/\/theworldwidejournal.com\/?p=37132","title":{"rendered":"Malestar sindical por la deriva soberanista de UGT y CC.OO."},"content":{"rendered":"<p>El protagonismo de las federaciones de CC.OO. y UGT en Catalu\u00f1a al convocar, conjuntamente con las organizaciones independentistas \u00d2mnium y ANC, la manifestaci\u00f3n celebrada hoy en Barcelona a favor de los pol\u00edticos presos y del \u00abproc\u00e9s\u00bb y en contra de las actuaciones judiciales, ha provocado un enorme malestar entre los afiliados de ambos sindicatos a nivel nacional y ha causado una fuerte divisi\u00f3n de opiniones en aquella comunidad aut\u00f3noma. Fuentes de ambos sindicatos han reconocido a ABC ese malestar, \u00abque podr\u00eda ocasionar un descenso en el n\u00famero de afiliados a corto plazo\u00bb, tal y como ya estar\u00eda sucediendo, seg\u00fan las citadas fuentes. La manifestaci\u00f3n ha provocado en Catalu\u00f1a la divisi\u00f3n de los afiliados de CC.OO. y de UGT: los que est\u00e1n a favor de que estas organizaciones se impliquen en el \u00abproc\u00e9s\u00bb y los que entienden que deber\u00edan estar al margen de este problema pol\u00edtico y judicial. Sin embargo, en el resto de Espa\u00f1a la opini\u00f3n generalizada es cr\u00edtica con ese protagonismo, seg\u00fan las opiniones expresadas en los \u00faltimos d\u00edas. Adem\u00e1s, el comunicado emitido por los l\u00edderes de ambos sindicatos -Pepe \u00c1lvarez (UGT) y Unai Sordo (CC.OO.)- el pasado mi\u00e9rcoles para intentar matizar la presencia de sus federaciones catalanas en la manifestaci\u00f3n independentista, fue aprovechado para criticar duramente la actuaci\u00f3n judicial en este caso. \u00abHa sido desproporcionada la tipificaci\u00f3n de algunos delitos, as\u00ed como en el abuso de la utilizaci\u00f3n de la prisi\u00f3n preventiva\u00bb. Tambi\u00e9n consideran la actuaci\u00f3n judicial \u00ablimitativa de las libertades democr\u00e1ticas\u00bb. Adem\u00e1s, subraya \u00abla habitual inacci\u00f3n del Gobierno tras la aplicaci\u00f3n del art\u00edculo 155\u00bb. En este sentido, CC.OO. y UGT consideran que \u00abes necesario recuperar el autogobierno, dejando de aplicar el 155\u00bb.<br \/>\nVia: <a href=\"http:\/\/www.abc.es\/economia\/abci-enorme-malestar-entre-afiliados-y-ccoo-manifestacion-independentista-201804151937_noticia.html\" target=\"_blank\">Malestar sindical por la deriva soberanista de UGT y CC.OO.<\/a><\/p>\n","protected":false},"excerpt":{"rendered":"<p>El protagonismo de las federaciones de CC.OO. y UGT en Catalu\u00f1a al convocar, conjuntamente con las organizaciones independentistas \u00d2mnium y ANC, la manifestaci\u00f3n celebrada hoy en Barcelona a favor de los pol\u00edticos presos y del \u00abproc\u00e9s\u00bb y en contra de las actuaciones judiciales, ha provocado un enorme malestar entre los [&hellip;]<\/p>\n","protected":false},"author":2,"featured_media":37133,"comment_status":"open","ping_status":"closed","sticky":false,"template":"","format":"standard","meta":{"footnotes":""},"categories":[6],"tags":[],"class_list":["post-37132","post","type-post","status-publish","format-standard","has-post-thumbnail","hentry","category-spanish"],"_links":{"self":[{"href":"https:\/\/theworldwidejournal.com\/index.php?rest_route=\/wp\/v2\/posts\/37132","targetHints":{"allow":["GET"]}}],"collection":[{"href":"https:\/\/theworldwidejournal.com\/index.php?rest_route=\/wp\/v2\/posts"}],"about":[{"href":"https:\/\/theworldwidejournal.com\/index.php?rest_route=\/wp\/v2\/types\/post"}],"author":[{"embeddable":true,"href":"https:\/\/theworldwidejournal.com\/index.php?rest_route=\/wp\/v2\/users\/2"}],"replies":[{"embeddable":true,"href":"https:\/\/theworldwidejournal.com\/index.php?rest_route=%2Fwp%2Fv2%2Fcomments&post=37132"}],"version-history":[{"count":0,"href":"https:\/\/theworldwidejournal.com\/index.php?rest_route=\/wp\/v2\/posts\/37132\/revisions"}],"wp:featuredmedia":[{"embeddable":true,"href":"https:\/\/theworldwidejournal.com\/index.php?rest_route=\/wp\/v2\/media\/37133"}],"wp:attachment":[{"href":"https:\/\/theworldwidejournal.com\/index.php?rest_route=%2Fwp%2Fv2%2Fmedia&parent=37132"}],"wp:term":[{"taxonomy":"category","embeddable":true,"href":"https:\/\/theworldwidejournal.com\/index.php?rest_route=%2Fwp%2Fv2%2Fcategories&post=37132"},{"taxonomy":"post_tag","embeddable":true,"href":"https:\/\/theworldwidejournal.com\/index.php?rest_route=%2Fwp%2Fv2%2Ftags&post=37132"}],"curies":[{"name":"wp","href":"https:\/\/api.w.org\/{rel}","templated":true}]}}