{"id":37136,"date":"1970-01-01T01:00:00","date_gmt":"1970-01-01T00:00:00","guid":{"rendered":"https:\/\/theworldwidejournal.com\/1970\/01\/01\/errejon-dobla-el-pulso-a-iglesias-y-tendra-unas-primarias-simples\/"},"modified":"1970-01-01T01:00:00","modified_gmt":"1970-01-01T00:00:00","slug":"errejon-dobla-el-pulso-a-iglesias-y-tendra-unas-primarias-simples","status":"publish","type":"post","link":"https:\/\/theworldwidejournal.com\/?p=37136","title":{"rendered":"Errej\u00f3n dobla el pulso a Iglesias y tendr\u00e1 unas primarias simples"},"content":{"rendered":"<p>Finalmente no se partir\u00e1n las primarias para elegir a los candidatos de Podemos a la Asamblea de Madrid. La direcci\u00f3n auton\u00f3mica madrile\u00f1a se desdice as\u00ed de su idea, aprobada la pasada semana en el Consejo Ciudadano Auton\u00f3mico, de celebrar un proceso de primarias urgente \u2013previsiblemente en mayo\u2013 para elegir al candidato a presidir la Comunidad y cabeza de lista, y otras primarias a posteriori para escoger al resto de miembros de la lista. Tras conocer que esta era la idea de la federaci\u00f3n liderada por Ram\u00f3n Espinar, que tiene mayor\u00eda en el Consejo, el secretario de An\u00e1lisis Estrat\u00e9gico de Podemos, \u00cd\u00f1igo Errej\u00f3n, amag\u00f3 con dar un paso atr\u00e1s en su candidatura bajo el pretexto de que esas no eran las condiciones que pact\u00f3 con el l\u00edder del partido, Pablo Iglesias, para presentarse a las elecciones auton\u00f3micas de la Comunidad de Madrid en 2019. A partir de ese momento, se reabri\u00f3 la no tan vieja herida de la formaci\u00f3n entre pablistas y errejonistas, que en los \u00faltimos d\u00edas han protagonizado encontronazos en las redes sociales y cruces de declaraciones en los medios de comunicaci\u00f3n. Errej\u00f3n entend\u00eda que la partici\u00f3n de las primarias no le garantizaba acudir con su equipo de confianza a las elecciones, ya que Iglesias le hab\u00eda comprometido su apoyo a \u00e9l, pero no a su lista, una condici\u00f3n que se daba por cumplida en el caso de que solo hubiera un proceso de primarias \u2013en este caso Errej\u00f3n encabezar\u00eda la lista y, con el apoyo de Iglesias, estar\u00eda muy cerca de garantizar su \u00e9xito\u2013. Pero Iglesias sali\u00f3 al paso de las dudas de su ex n\u00famero dos y le advirti\u00f3 que no tuviera \u00abni media tonter\u00eda\u00bb con la candidatura de Madrid, dada la relevancia que hab\u00eda adquirido con la crisis de Gobierno que sufre la presidenta madrile\u00f1a, Cristina Cifuentes. Ayer el Consejo Ciudadano Auton\u00f3mico aprob\u00f3 el reglamento de las primarias, que seguramente tendr\u00e1n lugar a mediados de mayo. La norma establece que los inscritos solo podr\u00e1n votar por un cabeza de lista, y que el resto de la papeleta emplear\u00e1 el sistema proporcional DesBorda, utilizado en la asamblea ciudadana de Vistalegre II y que favorece a las listas m\u00e1s votadas, por lo que el cartel ganador disfrutar\u00e1 de una victoria m\u00e1s holgada. Las listas tendr\u00e1n un m\u00ednimo de nueve componentes y un m\u00e1ximo de 25. La direcci\u00f3n madrile\u00f1a defin\u00eda el reglamento ayer como una decisi\u00f3n de \u00abconsenso\u00bb donde se hab\u00edan recogido todas las aspiraciones de Errej\u00f3n. Errej\u00f3n, insatisfecho Sin embargo, desde el entorno del diputado de Podemos no comparten esta idea del consenso. A pesar de que finalmente solo habr\u00e1 unas primarias, fuentes cercanas a la corriente errejonista afirman que el reglamento en ning\u00fan caso hace que se cumplan sus exigencias, y que las negociaciones contin\u00faan, a pesar de que el Consejo Ciudadano Auton\u00f3mico de Madrid ya ha tomado su decisi\u00f3n. Dos de las condiciones principales de Errej\u00f3n son las de poder disfrutar de plena autonom\u00eda para configurar las listas y la de llevar a cabo, tambi\u00e9n con autonom\u00eda, el dise\u00f1o de la campa\u00f1a electoral que liderar\u00e1 si resulta elegido en las primarias. En contra de lo que se defend\u00eda ayer desde la direcci\u00f3n madrile\u00f1a, el entorno del diputado no cree que el reglamento aprobado garantice estas dos condiciones, por lo que insisten en que continuar\u00e1n negociando para que \u00cd\u00f1igo Errej\u00f3n se presente \u00abcon todas las garant\u00edas\u00bb. Espinar tambi\u00e9n deber\u00e1 hacer frente a los postulados de la corriente anticapitalista, cuya candidata a competir con Errej\u00f3n ser\u00e1 previsiblemente la portavoz de Podemos en la Asamblea de Madrid, Lorena Ruiz.-Huerta<br \/>\nVia: <a href=\"http:\/\/www.abc.es\/espana\/abci-errejon-dobla-pulso-iglesias-y-tendra-unas-primarias-simples-201804160214_noticia.html\" target=\"_blank\">Errej\u00f3n dobla el pulso a Iglesias y tendr\u00e1 unas primarias simples<\/a><\/p>\n","protected":false},"excerpt":{"rendered":"<p>Finalmente no se partir\u00e1n las primarias para elegir a los candidatos de Podemos a la Asamblea de Madrid. La direcci\u00f3n auton\u00f3mica madrile\u00f1a se desdice as\u00ed de su idea, aprobada la pasada semana en el Consejo Ciudadano Auton\u00f3mico, de celebrar un proceso de primarias urgente \u2013previsiblemente en mayo\u2013 para elegir al [&hellip;]<\/p>\n","protected":false},"author":2,"featured_media":37137,"comment_status":"open","ping_status":"closed","sticky":false,"template":"","format":"standard","meta":{"footnotes":""},"categories":[6],"tags":[],"class_list":["post-37136","post","type-post","status-publish","format-standard","has-post-thumbnail","hentry","category-spanish"],"_links":{"self":[{"href":"https:\/\/theworldwidejournal.com\/index.php?rest_route=\/wp\/v2\/posts\/37136","targetHints":{"allow":["GET"]}}],"collection":[{"href":"https:\/\/theworldwidejournal.com\/index.php?rest_route=\/wp\/v2\/posts"}],"about":[{"href":"https:\/\/theworldwidejournal.com\/index.php?rest_route=\/wp\/v2\/types\/post"}],"author":[{"embeddable":true,"href":"https:\/\/theworldwidejournal.com\/index.php?rest_route=\/wp\/v2\/users\/2"}],"replies":[{"embeddable":true,"href":"https:\/\/theworldwidejournal.com\/index.php?rest_route=%2Fwp%2Fv2%2Fcomments&post=37136"}],"version-history":[{"count":0,"href":"https:\/\/theworldwidejournal.com\/index.php?rest_route=\/wp\/v2\/posts\/37136\/revisions"}],"wp:featuredmedia":[{"embeddable":true,"href":"https:\/\/theworldwidejournal.com\/index.php?rest_route=\/wp\/v2\/media\/37137"}],"wp:attachment":[{"href":"https:\/\/theworldwidejournal.com\/index.php?rest_route=%2Fwp%2Fv2%2Fmedia&parent=37136"}],"wp:term":[{"taxonomy":"category","embeddable":true,"href":"https:\/\/theworldwidejournal.com\/index.php?rest_route=%2Fwp%2Fv2%2Fcategories&post=37136"},{"taxonomy":"post_tag","embeddable":true,"href":"https:\/\/theworldwidejournal.com\/index.php?rest_route=%2Fwp%2Fv2%2Ftags&post=37136"}],"curies":[{"name":"wp","href":"https:\/\/api.w.org\/{rel}","templated":true}]}}