{"id":37208,"date":"1970-01-01T01:00:00","date_gmt":"1970-01-01T00:00:00","guid":{"rendered":"https:\/\/theworldwidejournal.com\/1970\/01\/01\/fallecen-dos-internos-de-la-carcel-de-huelva-en-menos-de-una-semana\/"},"modified":"1970-01-01T01:00:00","modified_gmt":"1970-01-01T00:00:00","slug":"fallecen-dos-internos-de-la-carcel-de-huelva-en-menos-de-una-semana","status":"publish","type":"post","link":"https:\/\/theworldwidejournal.com\/?p=37208","title":{"rendered":"Fallecen dos internos de la c\u00e1rcel de Huelva en menos de una semana"},"content":{"rendered":"<p>Dos internos de la prisi\u00f3n de Huelva han fallecido en la \u00faltima semana, por causas que se encuentran bajo investigaci\u00f3n y pendiente de los resultados que arrojen las autopsias. El \u00faltimo fallecimiento se produjo en la tarde de ayer en el m\u00f3dulo 4 del penal, cuando los funcionarios se dieron cuenta del estado de un recluso, moviliz\u00e1ndose los servicios m\u00e9dicos del centro, que a pesar de los intentos no pudieron reanimarlo. El sindicato Acaip-Huelva, que ha trasladado sus condolencias por estas muertes, ha exigido a la Secretaria General de Instituciones Penitenciarias, dependiente del Ministerio de Interior, que tome cartas en el asunto y \u00abempiece a resolver los problemas, algunos end\u00e9micos, que sufre el centro ya que la Direcci\u00f3n del centro es incapaz de resolverlo \u00bb. Seg\u00fan la organizaci\u00f3n, existe un problema por \u00abel controvertido sistema de reparto de la medicaci\u00f3n\u00bb los fines de semana y festivos a una poblaci\u00f3n reclusa que en muchos casos presenta severos problemas de drogadicci\u00f3n. La situaci\u00f3n est\u00e1 siendo objeto de estudio por parte del Defensor del Pueblo y ha llegado al Congreso de los Diputados a trav\u00e9s de preguntas parlamentarias, ha afirmado. Acaip ha hecho hincapi\u00e9 en la falta de personal sanitario para dicho reparto y en las deficiencias en la implantaci\u00f3n de un software de gesti\u00f3n sanitaria, que \u00abcost\u00f3 la nada despreciable cifra de m\u00e1s de medio mill\u00f3n de euros y que el propio Gobierno admite, en respuesta a preguntas parlamentaria, que la aplicaci\u00f3n genera listados de medicaci\u00f3n poco fiables para su reparto entre la poblaci\u00f3n reclusa. Ambos factores, ha incidido, suponen \u00abun verdadero peligro para la vida de la poblaci\u00f3n reclusa y la seguridad de los trabajadores \u00bb. Por otro lado, el sindicato se ha referido al problema de acceso de los internos a poder comunicarse telef\u00f3nicamente con el exterior, seg\u00fan adelant\u00f3 ABC, por el robo de cableado de la l\u00ednea de Telef\u00f3nica que va de San Juan del Puerto al Pol\u00edgono Tartessos, de la que dependen las cabinas que utiliza la poblaci\u00f3n reclusa. \u00abEs inconcebible que un pueblo de Huelva con las caracter\u00edsticas espec\u00edificas de un centro penitenciario y tras m\u00e1s de dos meses de continuas aver\u00edas, finalmente haya provocado el colapso de las comunicaciones telef\u00f3nicas con el exterior y afecte directamente a la seguridad de la poblaci\u00f3n reclusa y los propios trabajadores\u00bb. La organizaci\u00f3n ha manifestado en este punto que ante \u00abla mala gesti\u00f3n\u00bb del director del centro y por extensi\u00f3n de la Secretaria General de Instituciones Penitenciarias, \u00abson los trabajadores los que est\u00e1n sacando adelante esta grave situaci\u00f3n\u00bb.\u00a0\u00abObservamos con indignaci\u00f3n y estupor &#8211; ha lamentado- c\u00f3mo en redes sociales desde la m\u00e1s absoluta impunidad se vierten acusaciones y amenazas a los funcionarios de prisiones del centro penitenciario de La Ribera, sin que desde las autoridades administrativas y\/o judiciales se hayan tomado iniciativas para tratar de frenar este desprop\u00f3sito de incitaci\u00f3n a la violencia y a la difamaci\u00f3n gratuitas\u00bb.<br \/>\nVia: <a href=\"http:\/\/sevilla.abc.es\/andalucia\/huelva\/sevi-fallecen-internos-macrocarcel-huelva-menos-semana-201804161320_noticia.html\" target=\"_blank\">Fallecen dos internos de la c\u00e1rcel de Huelva en menos de una semana<\/a><\/p>\n","protected":false},"excerpt":{"rendered":"<p>Dos internos de la prisi\u00f3n de Huelva han fallecido en la \u00faltima semana, por causas que se encuentran bajo investigaci\u00f3n y pendiente de los resultados que arrojen las autopsias. El \u00faltimo fallecimiento se produjo en la tarde de ayer en el m\u00f3dulo 4 del penal, cuando los funcionarios se dieron [&hellip;]<\/p>\n","protected":false},"author":2,"featured_media":37209,"comment_status":"open","ping_status":"closed","sticky":false,"template":"","format":"standard","meta":{"footnotes":""},"categories":[6],"tags":[],"class_list":["post-37208","post","type-post","status-publish","format-standard","has-post-thumbnail","hentry","category-spanish"],"_links":{"self":[{"href":"https:\/\/theworldwidejournal.com\/index.php?rest_route=\/wp\/v2\/posts\/37208","targetHints":{"allow":["GET"]}}],"collection":[{"href":"https:\/\/theworldwidejournal.com\/index.php?rest_route=\/wp\/v2\/posts"}],"about":[{"href":"https:\/\/theworldwidejournal.com\/index.php?rest_route=\/wp\/v2\/types\/post"}],"author":[{"embeddable":true,"href":"https:\/\/theworldwidejournal.com\/index.php?rest_route=\/wp\/v2\/users\/2"}],"replies":[{"embeddable":true,"href":"https:\/\/theworldwidejournal.com\/index.php?rest_route=%2Fwp%2Fv2%2Fcomments&post=37208"}],"version-history":[{"count":0,"href":"https:\/\/theworldwidejournal.com\/index.php?rest_route=\/wp\/v2\/posts\/37208\/revisions"}],"wp:featuredmedia":[{"embeddable":true,"href":"https:\/\/theworldwidejournal.com\/index.php?rest_route=\/wp\/v2\/media\/37209"}],"wp:attachment":[{"href":"https:\/\/theworldwidejournal.com\/index.php?rest_route=%2Fwp%2Fv2%2Fmedia&parent=37208"}],"wp:term":[{"taxonomy":"category","embeddable":true,"href":"https:\/\/theworldwidejournal.com\/index.php?rest_route=%2Fwp%2Fv2%2Fcategories&post=37208"},{"taxonomy":"post_tag","embeddable":true,"href":"https:\/\/theworldwidejournal.com\/index.php?rest_route=%2Fwp%2Fv2%2Ftags&post=37208"}],"curies":[{"name":"wp","href":"https:\/\/api.w.org\/{rel}","templated":true}]}}