{"id":37210,"date":"1970-01-01T01:00:00","date_gmt":"1970-01-01T00:00:00","guid":{"rendered":"https:\/\/theworldwidejournal.com\/1970\/01\/01\/oriol-junqueras-y-los-dos-jordis-denuncian-una-persecucion-ideologica\/"},"modified":"1970-01-01T01:00:00","modified_gmt":"1970-01-01T00:00:00","slug":"oriol-junqueras-y-los-dos-jordis-denuncian-una-persecucion-ideologica","status":"publish","type":"post","link":"https:\/\/theworldwidejournal.com\/?p=37210","title":{"rendered":"Oriol Junqueras y los dos \u00abJordis\u00bb denuncian una persecuci\u00f3n ideol\u00f3gica"},"content":{"rendered":"<p>El exvicepresidente de la Generalitat Oriol Junqueras y los exl\u00edderes de ANC y \u00d2mnium Cultural, Jordi S\u00e0nchez y Jordi y Jordi Cuixart, han denunciado este lunes que son v\u00edctimas de una persecuci\u00f3n ideol\u00f3gica, de una causa en la que se est\u00e1n \u00abcriminalizando ideas pol\u00edticas\u00bb. Lo han hecho durante su comparecencia ante el magistrado del Tribunal Supremo Pablo Llarena, quien les ha comunicado su procesamiento por rebeli\u00f3n (y en caso de Junqueras tambi\u00e9n por malversaci\u00f3n). Ma\u00f1ana y el mi\u00e9rcoles pasar\u00e1n por este mismo tr\u00e1mite los otros seis procesados que tambi\u00e9n est\u00e1n presos. Seg\u00fan fuentes jur\u00eddicas presentes en la declaraci\u00f3n indagatoria, Junqueras ha negado ante el instructor la acusaci\u00f3n de malversaci\u00f3n y ha se\u00f1alado que la Generalitat no destin\u00f3 \u00abun euro\u00bb al refer\u00e9ndum ilegal. El que fue n\u00famero dos de Puigdemont ha insistido en su compromiso con las v\u00edas pac\u00edficas y ha negado cualquier tipo de violencia en los preparativos y desenlace del 1-O, una convocatoria que sigue considerando legal. Por su parte, Jordi S\u00e0nchez, a quien el juez impidi\u00f3 asistir el viernes al Pleno del Parlament en el que estaba propuesto como candidato a la presidencia de la Generalitat, ha calificado este procedimiento como una \u00abcausa general\u00bb; no va contra personas concretas, sino contra una ideolog\u00eda independentista, ha dicho. El diputado, que ha declarado durante una hora y media, ha afirmado, adem\u00e1s, que en la instrucci\u00f3n no est\u00e1 habiendo ninguna objetividad por parte del juez. De igual forma, aunque durante menos tiempo, tambi\u00e9n Cuixart tambi\u00e9n ha hablado de una \u00abcausa ideol\u00f3gica\u00bb. Como los pensionistas Finalizadas las declaraciones, las defensas de los tres procesados insistieron ante los medios en que el 1-O no hubo violencia y que si la hubo, esta fue policial. Las protestas en la calle fueron tan pac\u00edficas, han dicho, como las manifestaciones en las que se defiende la vivienda o las pensiones. Adem\u00e1s, abundaron en la idea de que la causa abierta por Llarena es una causa pol\u00edtica en la que no se est\u00e1n respetando los derechos de sus clientes. A su juicio, la soluci\u00f3n a la situaci\u00f3n de Catalu\u00f1a no est\u00e1 en los tribunales, sino en la pol\u00edtica. Rueda de comparecencias Ma\u00f1ana ser\u00e1n conducidos al Supremo los exconsejeros Joaquim Forn, Josep Rull y Ra\u00fcl Romeva, los tres en prisi\u00f3n desde el 21 de marzo, el d\u00eda en el que les fue notificado el auto de Llarena; y el mi\u00e9rcoles har\u00e1n lo mismo los tambi\u00e9n exconsejeros Jordi Turull y Dolors Bassa, y la expresidenta del Parlament Carme Focardell. Como los anteriores, ellos tambi\u00e9n ingresaron en prisi\u00f3n ese d\u00eda ante la gravedad de los delitos que se les imputan y un riesgo de fuga acrecentado por la huida, ese mismo d\u00eda, de una de las investigadas considerada clave en el \u00abproc\u00e9s\u00bb: la n\u00famero dos de ERC Marta Rovira. Una vez que los nueve procesados que est\u00e1n en prisi\u00f3n preventiva cumplan con este tr\u00e1mite, har\u00e1n lo propio los siete investigados que est\u00e1n en libertad, a los que a lo largo de esta semana se les ir\u00e1 comunicando el d\u00eda fijado para su indagatoria. Hay otros siete procesados huidos que obviamente no acudir\u00e1n a esta cita. Trapero reaparece Por su parte, en la Audiencia Nacional la juez Lamela ha comunicado a primera hora de la ma\u00f1ana su procesamiento por sedici\u00f3n e integraci\u00f3n en organizaci\u00f3n criminal al exmayor de los Mossos Josep Lluis Trapero y a sus superiores jer\u00e1rquicos, Pere Soler y C\u00e9sar Puig, este \u00faltimo bajo el mando del exconsejero preso Joaquim Forn. A diferencia de estos tres procesados, que asistieron presencialmente a la sede de la Audiencia Nacional, la intendente Teresa Laplana, a quien la juez propone llevar a juicio solo por un delito de sedici\u00f3n (en relaci\u00f3n a los incidentes del 20-S), pas\u00f3 este tr\u00e1mite procesal por videoconferencia. Trapero y los otros dos mandos de los Mossos apenas estuvieron un cuarto de hora con la juez Lamela, pues ni las partes hicieron ninguna pregunta ni ellos quisieron manifestar nada sobre su procesamiento. Sobre las nueve de la ma\u00f1ana abandonaban el tribunal. La magistrada les acusa de instrumentalizar a los Mossos para que obstaculizar cualquier iniciativa tendente a abortar el refer\u00e9ndum del 1 de octubre.<br \/>\nVia: <a href=\"http:\/\/sevilla.abc.es\/espana\/abci-llarena-explica-25-procesados-lleva-juicio-201804160212_noticia.html\" target=\"_blank\">Oriol Junqueras y los dos \u00abJordis\u00bb denuncian una persecuci\u00f3n ideol\u00f3gica<\/a><\/p>\n","protected":false},"excerpt":{"rendered":"<p>El exvicepresidente de la Generalitat Oriol Junqueras y los exl\u00edderes de ANC y \u00d2mnium Cultural, Jordi S\u00e0nchez y Jordi y Jordi Cuixart, han denunciado este lunes que son v\u00edctimas de una persecuci\u00f3n ideol\u00f3gica, de una causa en la que se est\u00e1n \u00abcriminalizando ideas pol\u00edticas\u00bb. Lo han hecho durante su comparecencia [&hellip;]<\/p>\n","protected":false},"author":2,"featured_media":37211,"comment_status":"open","ping_status":"closed","sticky":false,"template":"","format":"standard","meta":{"footnotes":""},"categories":[6],"tags":[],"class_list":["post-37210","post","type-post","status-publish","format-standard","has-post-thumbnail","hentry","category-spanish"],"_links":{"self":[{"href":"https:\/\/theworldwidejournal.com\/index.php?rest_route=\/wp\/v2\/posts\/37210","targetHints":{"allow":["GET"]}}],"collection":[{"href":"https:\/\/theworldwidejournal.com\/index.php?rest_route=\/wp\/v2\/posts"}],"about":[{"href":"https:\/\/theworldwidejournal.com\/index.php?rest_route=\/wp\/v2\/types\/post"}],"author":[{"embeddable":true,"href":"https:\/\/theworldwidejournal.com\/index.php?rest_route=\/wp\/v2\/users\/2"}],"replies":[{"embeddable":true,"href":"https:\/\/theworldwidejournal.com\/index.php?rest_route=%2Fwp%2Fv2%2Fcomments&post=37210"}],"version-history":[{"count":0,"href":"https:\/\/theworldwidejournal.com\/index.php?rest_route=\/wp\/v2\/posts\/37210\/revisions"}],"wp:featuredmedia":[{"embeddable":true,"href":"https:\/\/theworldwidejournal.com\/index.php?rest_route=\/wp\/v2\/media\/37211"}],"wp:attachment":[{"href":"https:\/\/theworldwidejournal.com\/index.php?rest_route=%2Fwp%2Fv2%2Fmedia&parent=37210"}],"wp:term":[{"taxonomy":"category","embeddable":true,"href":"https:\/\/theworldwidejournal.com\/index.php?rest_route=%2Fwp%2Fv2%2Fcategories&post=37210"},{"taxonomy":"post_tag","embeddable":true,"href":"https:\/\/theworldwidejournal.com\/index.php?rest_route=%2Fwp%2Fv2%2Ftags&post=37210"}],"curies":[{"name":"wp","href":"https:\/\/api.w.org\/{rel}","templated":true}]}}