{"id":37280,"date":"1970-01-01T01:00:00","date_gmt":"1970-01-01T00:00:00","guid":{"rendered":"https:\/\/theworldwidejournal.com\/1970\/01\/01\/trapero-alega-que-aviso-de-que-los-mossos-no-apoyaban-el-secesionismo\/"},"modified":"1970-01-01T01:00:00","modified_gmt":"1970-01-01T00:00:00","slug":"trapero-alega-que-aviso-de-que-los-mossos-no-apoyaban-el-secesionismo","status":"publish","type":"post","link":"https:\/\/theworldwidejournal.com\/?p=37280","title":{"rendered":"Trapero alega que avis\u00f3 de que los Mossos no apoyaban el secesionismo"},"content":{"rendered":"<p>La Audiencia Nacional acusa al \u00abmayor\u00bb de los Mossos d&#8217;Esquadra de haber puesto a la Polic\u00eda catalana al servicio de los intereses secesionstas. Josep Llu\u00eds Trapero, procesado por sedici\u00f3n y pertenencia a organizaci\u00f3n criminal, lo niega todo. En un recurso de reforma, al que ha tenido acceso ABC, la defensa de quien era el m\u00e1ximo responsable de los Mossos durante el refer\u00e9ndum ilegal del 1 de octubre ha asegurado que unos d\u00edas antes -el 26 y el 27 de septiembre- se reuni\u00f3 a petici\u00f3n suya con el entonces presidente de la Generalitat, Carles Puigdemont, y entre otras cosas le avis\u00f3 de que \u00abno se compart\u00eda desde el cuerpo policial el proyecto independentista\u00bb. A esos encuentros, celebrados en el Palau de la Generalitat, acudieron tambi\u00e9n el entonces vicepresidente del Govern, Oriol Junqueras, y el consejero de Interior, Joaquim Forn. Por parte de la Polic\u00eda catalana tambi\u00e9n hab\u00eda otros mandos: los comisarios de la jefatura Ferran L\u00f3pez -ahora m\u00e1ximo responsable del cuerpo policial desde que se apart\u00f3 a Trapero-, Joan Carles Molinero, Emili Quevedo y Manel Castellv\u00ed. Fue Trapero quien solicit\u00f3 esas reuniones, siempre seg\u00fan la versi\u00f3n que da su defensa en el recurso ante la Audiencia Nacional. Adem\u00e1s, quer\u00eda que en los encuentros estuvieran los m\u00e1ximos responsables de los Mossos, \u00abcon el fin de trasladar a los responsables del Gobierno de la Generalitat la preocupaci\u00f3n com\u00fan de todos en relaci\u00f3n al mantenimiento del refer\u00e9ndum convocado para el d\u00eda 1 de octubre\u00bb. Su preocupaci\u00f3n se basaba en \u00ablos eventuales problemas que para la seguridad ciudadana pod\u00edan producirse\u00bb. Tambi\u00e9n trasladaron a la c\u00fapula del Govern independentista en esas citas la firme voluntad, como responsables del cuerpo, \u00abde respetar la legalidad vigente y de cumplir con los mandatos judiciales tendentes a evitar la celebraci\u00f3n del refer\u00e9ndum\u00bb. En esas reuniones las \u00abdiscrepancias\u00bb de Trapero con el consejero de Interior sobre el papel de los Mossos durante el proceso independentista tambi\u00e9n se pusieron sobre la mesa. Para la defensa del \u00abmayor\u00bb de los Mossos, todos estos elementos demuestran que Trapero no puso a la Polic\u00eda catalana al servicio del secesionismo. Otra prueba en este sentido que la abogada Olga Tubau relata en su recurso ante la Audiencia Nacional es un correo que el 27 de octubre Trapero envi\u00f3 al presidente del Tribunal Superior de Justicia de Catalu\u00f1a (TSJC), Jes\u00fas Mar\u00eda Barrientos, y al entonces fiscal superior, Jos\u00e9 Mar\u00eda Romero de Tejada. Fue despu\u00e9s de que el Parlamento catal\u00e1n declara la independencia. En esa misiva, Trapero pon\u00eda a los Mossos \u00aba disposici\u00f3n\u00bb tanto del TSJC como de la Fiscal\u00eda \u00abcon el fin de dar cumplimiento a las \u00f3rdenes que pudieran derivar en relaci\u00f3n con estos hechos\u00bb.<br \/>\nVia: <a href=\"http:\/\/www.abc.es\/espana\/catalunya\/abci-trapero-alega-aviso-puigdemont-mossos-no-compartian-proyecto-independentista-201804161731_noticia.html\" target=\"_blank\">Trapero alega que avis\u00f3 de que los Mossos no apoyaban el secesionismo<\/a><\/p>\n","protected":false},"excerpt":{"rendered":"<p>La Audiencia Nacional acusa al \u00abmayor\u00bb de los Mossos d&#8217;Esquadra de haber puesto a la Polic\u00eda catalana al servicio de los intereses secesionstas. Josep Llu\u00eds Trapero, procesado por sedici\u00f3n y pertenencia a organizaci\u00f3n criminal, lo niega todo. En un recurso de reforma, al que ha tenido acceso ABC, la defensa [&hellip;]<\/p>\n","protected":false},"author":2,"featured_media":37281,"comment_status":"open","ping_status":"closed","sticky":false,"template":"","format":"standard","meta":{"footnotes":""},"categories":[6],"tags":[],"class_list":["post-37280","post","type-post","status-publish","format-standard","has-post-thumbnail","hentry","category-spanish"],"_links":{"self":[{"href":"https:\/\/theworldwidejournal.com\/index.php?rest_route=\/wp\/v2\/posts\/37280","targetHints":{"allow":["GET"]}}],"collection":[{"href":"https:\/\/theworldwidejournal.com\/index.php?rest_route=\/wp\/v2\/posts"}],"about":[{"href":"https:\/\/theworldwidejournal.com\/index.php?rest_route=\/wp\/v2\/types\/post"}],"author":[{"embeddable":true,"href":"https:\/\/theworldwidejournal.com\/index.php?rest_route=\/wp\/v2\/users\/2"}],"replies":[{"embeddable":true,"href":"https:\/\/theworldwidejournal.com\/index.php?rest_route=%2Fwp%2Fv2%2Fcomments&post=37280"}],"version-history":[{"count":0,"href":"https:\/\/theworldwidejournal.com\/index.php?rest_route=\/wp\/v2\/posts\/37280\/revisions"}],"wp:featuredmedia":[{"embeddable":true,"href":"https:\/\/theworldwidejournal.com\/index.php?rest_route=\/wp\/v2\/media\/37281"}],"wp:attachment":[{"href":"https:\/\/theworldwidejournal.com\/index.php?rest_route=%2Fwp%2Fv2%2Fmedia&parent=37280"}],"wp:term":[{"taxonomy":"category","embeddable":true,"href":"https:\/\/theworldwidejournal.com\/index.php?rest_route=%2Fwp%2Fv2%2Fcategories&post=37280"},{"taxonomy":"post_tag","embeddable":true,"href":"https:\/\/theworldwidejournal.com\/index.php?rest_route=%2Fwp%2Fv2%2Ftags&post=37280"}],"curies":[{"name":"wp","href":"https:\/\/api.w.org\/{rel}","templated":true}]}}