{"id":37351,"date":"1970-01-01T01:00:00","date_gmt":"1970-01-01T00:00:00","guid":{"rendered":"https:\/\/theworldwidejournal.com\/1970\/01\/01\/el-juez-anula-la-seleccion-de-plazas-de-atencion-temprana-del-sas-en-2016\/"},"modified":"1970-01-01T01:00:00","modified_gmt":"1970-01-01T00:00:00","slug":"el-juez-anula-la-seleccion-de-plazas-de-atencion-temprana-del-sas-en-2016","status":"publish","type":"post","link":"https:\/\/theworldwidejournal.com\/?p=37351","title":{"rendered":"El juez anula la selecci\u00f3n de plazas de Atenci\u00f3n Temprana del SAS en 2016"},"content":{"rendered":"<p>El Juzgado de lo Contencioso-Administrativo ocho de Sevilla ha anulado el procedimiento llevado a cabo por el Servicio Andaluz de Salud (SAS) para la cobertura de las plazas de Psicolog\u00eda cl\u00ednica y Pedi\u00e1trica de Atenci\u00f3n Infantil Temprana en Andaluc\u00eda. La convocatoria, impugnada por el Sindicato M\u00e9dico Andaluz (SMA) en octubre de 2016, es \u00abnula de pleno derecho por cuanto que se ha utilizado un procedimiento de selecci\u00f3n para la provisi\u00f3n temporal, oferta p\u00fablica espec\u00edfica, que est\u00e1 previsto para casos distintos del supuesto objeto de la convocatoria\u00bb, seg\u00fan la sentencia. La sentencia, que paraliza el proceso de selecci\u00f3n de las plazas de Atenci\u00f3n Temprana puestas en marcha por el SAS en septiembre de 2016, expone que \u00abse ha acudido indebidamente a una convocatoria para la provisi\u00f3n temporal, de car\u00e1cter eventual, de puestos sin que concurran ninguno de los supuestos que legitima el nombramiento de personal estatutario temporal eventual conforme al art\u00edculo 9.3 del estatuto marco y contrario a lo establecido en la Mesa Sectorial de Sanidad\u00bb. Se condena tambi\u00e9n al SAS a abonar las costas del procedimiento interpuesto por el Sindicato M\u00e9dico, un total de 2.000 euros, quien puso el caso en manos de sus servicios jur\u00eddicos al entender que el proceso emprendido por el SAS era \u00abtendencioso y no se ajustaba a la normativa vigente\u00bb, seg\u00fan ha informado un comunicado del SMA. El Sindicato M\u00e9dico consider\u00f3 que la denuncia de la Plataforma de Atenci\u00f3n Temprana sobre la posibilidad de que los 22 miembros a contratar fuesen previamente escogidos y las bases de las convocatorias se hubieran adaptado a los curriculums de estas personas, \u00abten\u00eda muchos indicios de ser cierta\u00bb y, adem\u00e1s, \u00abcoincid\u00eda con las tesis que hab\u00edan estado defendiendo en la Mesa Sectorial de Sanidad\u00bb. El Sindicato M\u00e9dico ha sostenido que el \u00abSAS no puede ser el cortijo de unos pocos\u00bb y ha denunciado \u00abel amiguismo, la falta de rigor y la falta de respeto a la legalidad vigente en el modus operandi habitual de la Administraci\u00f3n\u00bb. Adem\u00e1s, han a\u00f1adido la convocatoria \u00abno se adecuaba a la normativa vigente y no garantizaba la igualdad de todos los pediatras que quisieran trabajar en una de estas unidades\u00bb. En este caso, han resaltado, \u00abse hab\u00edan hecho cursos ad hoc para unos pocos con la intenci\u00f3n de, posteriormente, exigir ese curso para optar a una de estas plazas que se hab\u00eda blindado la convocatoria para que solo pudieran acceder unos cuantos elegidos\u00bb. Asimismo, el Sindicato M\u00e9dico hab\u00eda denunciado que \u00abno era posible cubrir plazas temporales mediante un proceso selectivo en el que puedan presentarse profesionales con plaza fija y que se hab\u00edan vulnerado todas las normativas respecto a la bolsa \u00fanica\u00bb.<br \/>\nVia: <a href=\"http:\/\/sevilla.abc.es\/andalucia\/sevi-juez-anula-seleccion-plazas-atencion-temprana-2016-201804171407_noticia.html\" target=\"_blank\">El juez anula la selecci\u00f3n de plazas de Atenci\u00f3n Temprana del SAS en 2016<\/a><\/p>\n","protected":false},"excerpt":{"rendered":"<p>El Juzgado de lo Contencioso-Administrativo ocho de Sevilla ha anulado el procedimiento llevado a cabo por el Servicio Andaluz de Salud (SAS) para la cobertura de las plazas de Psicolog\u00eda cl\u00ednica y Pedi\u00e1trica de Atenci\u00f3n Infantil Temprana en Andaluc\u00eda. La convocatoria, impugnada por el Sindicato M\u00e9dico Andaluz (SMA) en octubre [&hellip;]<\/p>\n","protected":false},"author":2,"featured_media":37352,"comment_status":"open","ping_status":"closed","sticky":false,"template":"","format":"standard","meta":{"footnotes":""},"categories":[6],"tags":[],"class_list":["post-37351","post","type-post","status-publish","format-standard","has-post-thumbnail","hentry","category-spanish"],"_links":{"self":[{"href":"https:\/\/theworldwidejournal.com\/index.php?rest_route=\/wp\/v2\/posts\/37351","targetHints":{"allow":["GET"]}}],"collection":[{"href":"https:\/\/theworldwidejournal.com\/index.php?rest_route=\/wp\/v2\/posts"}],"about":[{"href":"https:\/\/theworldwidejournal.com\/index.php?rest_route=\/wp\/v2\/types\/post"}],"author":[{"embeddable":true,"href":"https:\/\/theworldwidejournal.com\/index.php?rest_route=\/wp\/v2\/users\/2"}],"replies":[{"embeddable":true,"href":"https:\/\/theworldwidejournal.com\/index.php?rest_route=%2Fwp%2Fv2%2Fcomments&post=37351"}],"version-history":[{"count":0,"href":"https:\/\/theworldwidejournal.com\/index.php?rest_route=\/wp\/v2\/posts\/37351\/revisions"}],"wp:featuredmedia":[{"embeddable":true,"href":"https:\/\/theworldwidejournal.com\/index.php?rest_route=\/wp\/v2\/media\/37352"}],"wp:attachment":[{"href":"https:\/\/theworldwidejournal.com\/index.php?rest_route=%2Fwp%2Fv2%2Fmedia&parent=37351"}],"wp:term":[{"taxonomy":"category","embeddable":true,"href":"https:\/\/theworldwidejournal.com\/index.php?rest_route=%2Fwp%2Fv2%2Fcategories&post=37351"},{"taxonomy":"post_tag","embeddable":true,"href":"https:\/\/theworldwidejournal.com\/index.php?rest_route=%2Fwp%2Fv2%2Ftags&post=37351"}],"curies":[{"name":"wp","href":"https:\/\/api.w.org\/{rel}","templated":true}]}}