{"id":37573,"date":"1970-01-01T01:00:00","date_gmt":"1970-01-01T00:00:00","guid":{"rendered":"https:\/\/theworldwidejournal.com\/1970\/01\/01\/eta-anunciara-su-disolucion-el-primer-fin-de-semana-de-mayo-segun-etb\/"},"modified":"1970-01-01T01:00:00","modified_gmt":"1970-01-01T00:00:00","slug":"eta-anunciara-su-disolucion-el-primer-fin-de-semana-de-mayo-segun-etb","status":"publish","type":"post","link":"https:\/\/theworldwidejournal.com\/?p=37573","title":{"rendered":"ETA anunciar\u00e1 su disoluci\u00f3n el primer fin de semana de mayo, seg\u00fan ETB"},"content":{"rendered":"<p>La banda terrorista ETA anunciar\u00e1 su disoluci\u00f3n el primer fin de semana de mayo, seg\u00fan informa Radio Euskadi. Seg\u00fan el ente p\u00fablico vasco, el anuncio se har\u00e1 tras la celebraci\u00f3n de un acto en el Pa\u00eds Vasco franc\u00e9s en el que participar\u00e1n diversos agentes pol\u00edticos y sociales y que, adem\u00e1s, contar\u00e1 con la presencia de personalidades internacionales. Se prev\u00e9 que el lunes salgan a la luz m\u00e1s detalles sobre el acto en una rueda de prensa en la que participar\u00e1n miembros del Grupo Internacional de Contacto, de Bake Bidea y del Foro Social. El anuncio de la disoluci\u00f3n de la banda llega apenas un a\u00f1o despu\u00e9s de su desarme (que tuvo lugar el pasado 8 de abril). Hace tan solo un d\u00eda, Mercedes Galizo, directora de Prisiones con Jos\u00e9 Luis Rodr\u00edguez Zapatero, asegur\u00f3 en una ponencia en el Parlamento vasco que la disoluci\u00f3n \u00abfacilitar\u00eda mucho\u00bb el fin de la dispersi\u00f3n de presos. El pasado d\u00eda 8 el l\u00edder de EH Bildu, Arnaldo Otegui, ya anunci\u00f3 en Bayona (Francia) con motivo del primer aniversario del desarme de ETA, que la organizaci\u00f3n terrorista dar\u00eda \u00abnuevos pasos\u00bb en las pr\u00f3ximas semanas y meses.<br \/>\nVia: <a href=\"http:\/\/sevilla.abc.es\/espana\/abci-anunciara-disolucion-primer-semana-mayo-segun-201804182042_noticia.html\" target=\"_blank\">ETA anunciar\u00e1 su disoluci\u00f3n el primer fin de semana de mayo, seg\u00fan ETB<\/a><\/p>\n","protected":false},"excerpt":{"rendered":"<p>La banda terrorista ETA anunciar\u00e1 su disoluci\u00f3n el primer fin de semana de mayo, seg\u00fan informa Radio Euskadi. Seg\u00fan el ente p\u00fablico vasco, el anuncio se har\u00e1 tras la celebraci\u00f3n de un acto en el Pa\u00eds Vasco franc\u00e9s en el que participar\u00e1n diversos agentes pol\u00edticos y sociales y que, adem\u00e1s, [&hellip;]<\/p>\n","protected":false},"author":2,"featured_media":37574,"comment_status":"open","ping_status":"closed","sticky":false,"template":"","format":"standard","meta":{"footnotes":""},"categories":[6],"tags":[],"class_list":["post-37573","post","type-post","status-publish","format-standard","has-post-thumbnail","hentry","category-spanish"],"_links":{"self":[{"href":"https:\/\/theworldwidejournal.com\/index.php?rest_route=\/wp\/v2\/posts\/37573","targetHints":{"allow":["GET"]}}],"collection":[{"href":"https:\/\/theworldwidejournal.com\/index.php?rest_route=\/wp\/v2\/posts"}],"about":[{"href":"https:\/\/theworldwidejournal.com\/index.php?rest_route=\/wp\/v2\/types\/post"}],"author":[{"embeddable":true,"href":"https:\/\/theworldwidejournal.com\/index.php?rest_route=\/wp\/v2\/users\/2"}],"replies":[{"embeddable":true,"href":"https:\/\/theworldwidejournal.com\/index.php?rest_route=%2Fwp%2Fv2%2Fcomments&post=37573"}],"version-history":[{"count":0,"href":"https:\/\/theworldwidejournal.com\/index.php?rest_route=\/wp\/v2\/posts\/37573\/revisions"}],"wp:featuredmedia":[{"embeddable":true,"href":"https:\/\/theworldwidejournal.com\/index.php?rest_route=\/wp\/v2\/media\/37574"}],"wp:attachment":[{"href":"https:\/\/theworldwidejournal.com\/index.php?rest_route=%2Fwp%2Fv2%2Fmedia&parent=37573"}],"wp:term":[{"taxonomy":"category","embeddable":true,"href":"https:\/\/theworldwidejournal.com\/index.php?rest_route=%2Fwp%2Fv2%2Fcategories&post=37573"},{"taxonomy":"post_tag","embeddable":true,"href":"https:\/\/theworldwidejournal.com\/index.php?rest_route=%2Fwp%2Fv2%2Ftags&post=37573"}],"curies":[{"name":"wp","href":"https:\/\/api.w.org\/{rel}","templated":true}]}}