{"id":37714,"date":"1970-01-01T01:00:00","date_gmt":"1970-01-01T00:00:00","guid":{"rendered":"https:\/\/theworldwidejournal.com\/1970\/01\/01\/sevilla-acogera-la-cumbre-mundial-de-la-industria-turistica-en-2019\/"},"modified":"1970-01-01T01:00:00","modified_gmt":"1970-01-01T00:00:00","slug":"sevilla-acogera-la-cumbre-mundial-de-la-industria-turistica-en-2019","status":"publish","type":"post","link":"https:\/\/theworldwidejournal.com\/?p=37714","title":{"rendered":"Sevilla acoger\u00e1 la cumbre mundial de la industria tur\u00edstica en 2019"},"content":{"rendered":"<p>Sevilla se convertir\u00e1 el pr\u00f3ximo mes de abril en el mayor escaparate de la industria tur\u00edstica mundial con la celebraci\u00f3n de la cumbre de World Travel &amp; Tourism Council 2019 (WTTC). La ciudad ha sido elegida este jueves en Buenos Aires para organizar el evento m\u00e1s importante del sector y en vista del impacto que genera, el Consorcio de Turismo, junto con un grupo de empresarios sevillanos, ha llevado todo el proceso con la mayor discreci\u00f3n y prudencia para que nada pudiera afectar a la elecci\u00f3n. La cita r eunir\u00e1 a los 150 l\u00edderes empresariales que son miembros permanentes de este foro y a otros 600 delegados de los principales grupos de aerol\u00edneas, hoteles, cruceros, alquiler de veh\u00edculos, agencias de viajes, operadores, sistemas de distribuci\u00f3n global y empresas tecnol\u00f3gicas. Todos ellos decidir\u00e1n en la capial andaluza las estrategias globales para el futuro, adem\u00e1s de aportar una promoci\u00f3n impagable para la ciudad. La fecha tambi\u00e9n llega que ni pintada, ser\u00e1 del 2 al 4 de abril de 2019, justo los d\u00edas previos al arranque de la Semana Santa, durante los que Sevilla luce su mejor cara. La decisi\u00f3n se ha tomado en la ceremonia de clausura de la cumbre que este a\u00f1o ha tenido como anfitriona a la capital argentina. Bangkok y Madrid la organizaron en ediciones anteriores con \u00e9xito y tras un intenso trabajo para convertirse en la candidatura seleccionada. Ese mismo camino ha seguido la delegaci\u00f3n hispalense, como ha asegurado el delegado municipal de Turismo, Antonio Mu\u00f1oz, que se ha desplazado junto al gerente del Consorcio, Antonio Jim\u00e9nez, para la ocasi\u00f3n. Durante su intervenci\u00f3n tras conocer la designaci\u00f3n ha reconocido que \u00abSevilla quiere ser el epicentro en el mapa mundial y nos brind\u00e1is una oportunidad de oro, os vamos a recibir con los brazos abiertos, porque queremos hacer la mejor cumbre\u00bb. Tambi\u00e9n se ha acordado del empresariado de la ciudad, as\u00ed como de los trabajadores que han conseguido que el destino sea una referencia\u00bb y que han colaborado en este nombramiento. Junto a \u00e9l han estado la secretaria general de Turismo de la Junta de Andaluc\u00eda, Susana Ib\u00e1\u00f1ez, quien ha subrayado que \u00abeste evento representa un reconocimiento al elevado nivel de desarrollo de la oferta tur\u00edstica andaluza\u00bb y que \u00abcelebrarlo en Sevilla es una magn\u00edfica puerta de entrada al destino Andaluc\u00eda\u00bb. \u00abEstamos seguros de que no dejar\u00e1 indiferente a nadie\u00bb, ha proseguido Ib\u00e1\u00f1ez, para quien el congreso es \u00abuna oportunidad econ\u00f3mica muy importante\u00bb. Durante una rueda de prensa anterior a la intervenci\u00f3n en la cumbre bonaerense, el subsecretario del Ministerio de Energ\u00eda y Turismo, ha considerado que \u00abla designaci\u00f3n de Espa\u00f1a, y la elecci\u00f3n de Sevilla como anfitriona, permite desde comenzar a definir desde ya los temas que ser\u00e1n objeto de debate en el congreso de abril de 2019 y, por tanto, enfocarlo en aquellos asuntos que preocupan a nuestro sector y sobre los que nos interesa escuchar a la industria y a los expertos para encauzarlos y afrontarlos de la manera m\u00e1s adecuada y beneficiosa para las empresas y la sociedad en su conjunto\u00bb. Durante las ponencias, la capital andaluza compartir\u00e1 el modelo tur\u00edstico que pretende desarrollar y que pasa por una actividad de calidad. Junto al centenar y medio de l\u00edderes empresariales, esta cita viene acompa\u00f1ada por otros aproximadamente 600 delegados, adem\u00e1s de una serie de encuentros paralelos de autoridades pol\u00edticas internacionales. La organizaci\u00f3n de esta cita ser\u00e1 la guinda para un amplio cat\u00e1logo de eventos que comenzar\u00e1n en septiembre con la cumbre de la Asociaci\u00f3n Europea de Operadores Tur\u00edsticos (ETOA), en la que participar\u00e1n m\u00e1s de 200 agentes. Le seguir\u00e1 la convenci\u00f3n de aerol\u00edneas de low cost que organiza el Centro de Aviaci\u00f3n Asia-Pac\u00edfico entre el 8 y el 9 de octubre y ese mismo mes se celebrar\u00e1 tambi\u00e9n el congreso de la Asociaci\u00f3n de Agentes de Viaje Brit\u00e1nicos (ABTA). El \u00faltimo previsto es el I Foro Iberoamericano de la Federaci\u00f3n Mundial de Ciudades Tur\u00edsticas (WTCF) en diciembre y la asamblea internacional de la Red de Ciudades Magall\u00e1nicas.<br \/>\nVia: <a href=\"http:\/\/sevilla.abc.es\/sevilla\/sevi-sevilla-acogera-cumbre-mundial-industria-turistica-2019-201804192038_noticia.html\" target=\"_blank\">Sevilla acoger\u00e1 la cumbre mundial de la industria tur\u00edstica en 2019<\/a><\/p>\n","protected":false},"excerpt":{"rendered":"<p>Sevilla se convertir\u00e1 el pr\u00f3ximo mes de abril en el mayor escaparate de la industria tur\u00edstica mundial con la celebraci\u00f3n de la cumbre de World Travel &amp; Tourism Council 2019 (WTTC). La ciudad ha sido elegida este jueves en Buenos Aires para organizar el evento m\u00e1s importante del sector y [&hellip;]<\/p>\n","protected":false},"author":2,"featured_media":37715,"comment_status":"open","ping_status":"closed","sticky":false,"template":"","format":"standard","meta":{"footnotes":""},"categories":[6],"tags":[],"class_list":["post-37714","post","type-post","status-publish","format-standard","has-post-thumbnail","hentry","category-spanish"],"_links":{"self":[{"href":"https:\/\/theworldwidejournal.com\/index.php?rest_route=\/wp\/v2\/posts\/37714","targetHints":{"allow":["GET"]}}],"collection":[{"href":"https:\/\/theworldwidejournal.com\/index.php?rest_route=\/wp\/v2\/posts"}],"about":[{"href":"https:\/\/theworldwidejournal.com\/index.php?rest_route=\/wp\/v2\/types\/post"}],"author":[{"embeddable":true,"href":"https:\/\/theworldwidejournal.com\/index.php?rest_route=\/wp\/v2\/users\/2"}],"replies":[{"embeddable":true,"href":"https:\/\/theworldwidejournal.com\/index.php?rest_route=%2Fwp%2Fv2%2Fcomments&post=37714"}],"version-history":[{"count":0,"href":"https:\/\/theworldwidejournal.com\/index.php?rest_route=\/wp\/v2\/posts\/37714\/revisions"}],"wp:featuredmedia":[{"embeddable":true,"href":"https:\/\/theworldwidejournal.com\/index.php?rest_route=\/wp\/v2\/media\/37715"}],"wp:attachment":[{"href":"https:\/\/theworldwidejournal.com\/index.php?rest_route=%2Fwp%2Fv2%2Fmedia&parent=37714"}],"wp:term":[{"taxonomy":"category","embeddable":true,"href":"https:\/\/theworldwidejournal.com\/index.php?rest_route=%2Fwp%2Fv2%2Fcategories&post=37714"},{"taxonomy":"post_tag","embeddable":true,"href":"https:\/\/theworldwidejournal.com\/index.php?rest_route=%2Fwp%2Fv2%2Ftags&post=37714"}],"curies":[{"name":"wp","href":"https:\/\/api.w.org\/{rel}","templated":true}]}}