{"id":37716,"date":"1970-01-01T01:00:00","date_gmt":"1970-01-01T00:00:00","guid":{"rendered":"https:\/\/theworldwidejournal.com\/1970\/01\/01\/tussam-denuncia-a-un-menor-por-agredir-a-uno-de-sus-conductores\/"},"modified":"1970-01-01T01:00:00","modified_gmt":"1970-01-01T00:00:00","slug":"tussam-denuncia-a-un-menor-por-agredir-a-uno-de-sus-conductores","status":"publish","type":"post","link":"https:\/\/theworldwidejournal.com\/?p=37716","title":{"rendered":"Tussam denuncia a un menor por agredir a uno de sus conductores"},"content":{"rendered":"<p>La sociedad Transportes Urbanos de Sevilla (Tussam) ha formulado una denuncia contra un menor de edad que supuestamente habr\u00eda golpeado en la cara al conductor de un autob\u00fas, seg\u00fan han informado a Europa Press fuentes municipales. La actividad de Tussam est\u00e1 condicionada por el dispositivo especial de la Feria de Abril y el enorme despliegue que realizan de transporte p\u00fablico, contabilizando este pasado mi\u00e9rcoles 205.285 viajeros transportados en los autobuses de las l\u00edneas relacionadas con el \u00e1rea influencia del recinto ferial. La noche de este pasado mi\u00e9rcoles se habr\u00eda saldado con dos incidentes que afectaron a dos conductores diferentes. Fuera de la Feria En ambos casos, y seg\u00fan han precisado tales fuentes, los incidentes habr\u00edan acontecido fuera del \u00e1mbito directo de los servicios de Tussam correspondientes al recinto ferial. En uno de los casos, un menor de edad se habr\u00eda enzarzado en una discusi\u00f3n con un conductor de Tussam, llegando supuestamente a golpearle en plena cara. El menor de edad ha sido ya identificado, seg\u00fan el Ayuntamiento hispalense, y Tussam ha formulado una denuncia en su contra. La segunda situaci\u00f3n habr\u00eda sido protagonizada por un hombre que habr\u00eda tenido un \u00abforcejeo\u00bb con un conductor de Tussam, llegando a tirar de su brazo a trav\u00e9s de la ventanilla del autob\u00fas, pues el individuo habr\u00eda actuado fuera del veh\u00edculo. En este caso, Tussam est\u00e1 estudiando qu\u00e9 posibles medidas son susceptibles de ser acometidas.<br \/>\nVia: <a href=\"http:\/\/sevilla.abc.es\/sevilla\/sevi-tussam-denuncia-menor-agredir-conductores-201804191851_noticia.html\" target=\"_blank\">Tussam denuncia a un menor por agredir a uno de sus conductores<\/a><\/p>\n","protected":false},"excerpt":{"rendered":"<p>La sociedad Transportes Urbanos de Sevilla (Tussam) ha formulado una denuncia contra un menor de edad que supuestamente habr\u00eda golpeado en la cara al conductor de un autob\u00fas, seg\u00fan han informado a Europa Press fuentes municipales. La actividad de Tussam est\u00e1 condicionada por el dispositivo especial de la Feria de [&hellip;]<\/p>\n","protected":false},"author":2,"featured_media":37717,"comment_status":"open","ping_status":"closed","sticky":false,"template":"","format":"standard","meta":{"footnotes":""},"categories":[6],"tags":[],"class_list":["post-37716","post","type-post","status-publish","format-standard","has-post-thumbnail","hentry","category-spanish"],"_links":{"self":[{"href":"https:\/\/theworldwidejournal.com\/index.php?rest_route=\/wp\/v2\/posts\/37716","targetHints":{"allow":["GET"]}}],"collection":[{"href":"https:\/\/theworldwidejournal.com\/index.php?rest_route=\/wp\/v2\/posts"}],"about":[{"href":"https:\/\/theworldwidejournal.com\/index.php?rest_route=\/wp\/v2\/types\/post"}],"author":[{"embeddable":true,"href":"https:\/\/theworldwidejournal.com\/index.php?rest_route=\/wp\/v2\/users\/2"}],"replies":[{"embeddable":true,"href":"https:\/\/theworldwidejournal.com\/index.php?rest_route=%2Fwp%2Fv2%2Fcomments&post=37716"}],"version-history":[{"count":0,"href":"https:\/\/theworldwidejournal.com\/index.php?rest_route=\/wp\/v2\/posts\/37716\/revisions"}],"wp:featuredmedia":[{"embeddable":true,"href":"https:\/\/theworldwidejournal.com\/index.php?rest_route=\/wp\/v2\/media\/37717"}],"wp:attachment":[{"href":"https:\/\/theworldwidejournal.com\/index.php?rest_route=%2Fwp%2Fv2%2Fmedia&parent=37716"}],"wp:term":[{"taxonomy":"category","embeddable":true,"href":"https:\/\/theworldwidejournal.com\/index.php?rest_route=%2Fwp%2Fv2%2Fcategories&post=37716"},{"taxonomy":"post_tag","embeddable":true,"href":"https:\/\/theworldwidejournal.com\/index.php?rest_route=%2Fwp%2Fv2%2Ftags&post=37716"}],"curies":[{"name":"wp","href":"https:\/\/api.w.org\/{rel}","templated":true}]}}