{"id":37786,"date":"1970-01-01T01:00:00","date_gmt":"1970-01-01T00:00:00","guid":{"rendered":"https:\/\/theworldwidejournal.com\/1970\/01\/01\/no-es-una-cumbre-mas-es-la-cita-por-excelencia-del-sector\/"},"modified":"1970-01-01T01:00:00","modified_gmt":"1970-01-01T00:00:00","slug":"no-es-una-cumbre-mas-es-la-cita-por-excelencia-del-sector","status":"publish","type":"post","link":"https:\/\/theworldwidejournal.com\/?p=37786","title":{"rendered":"\u00abNo es una cumbre m\u00e1s, es la cita por excelencia del sector\u00bb"},"content":{"rendered":"<p>Muchos meses de trabajo y de establecer contactos, con una presentaci\u00f3n impecable y ajustada a las elevadas exigencias del World Travel &amp; Tourism Council 2019 (WTTC) son las claves de la designaci\u00f3n de Sevilla como sede para la cumbre anual. Esta entidad, que podr\u00eda asemejarse al G-20 del turismo, cerrar\u00e1 un amplio cat\u00e1logo de eventos que se celebrar\u00e1n en la capital andaluza. Pero en este caso, no se trata de \u00abuna cumbre m\u00e1s que traigamos a Sevilla. Es la cumbre por excelencia de la industria tur\u00edstica mundial\u00bb, se\u00f1al\u00f3 el delegado municipal de Turismo, Cultura y H\u00e1bitat Urbano, Antonio Mu\u00f1oz, que encabez\u00f3 la delegaci\u00f3n espa\u00f1ola. Seg\u00fan dijo, \u00abno puede verse tan s\u00f3lo desde el mero punto de vista tur\u00edstico, sino tambi\u00e9n a nivel de captaci\u00f3n de inversiones y de crecimiento de otros sectores econ\u00f3micos para la ciudad y el conjunto de Andaluc\u00eda\u00bb. Mu\u00f1oz incidi\u00f3 en el refuerzo que implica para el posicionamiento de la capital, la comunidad y el pa\u00eds a nivel internacional, de ah\u00ed el fort\u00edsimo apoyo que ha recibido de la Junta de Andaluc\u00eda y el Gobierno central, ambos implicados en esta designaci\u00f3n, como reconoci\u00f3 el edil sevillano, durante la rueda de prensa posterior al anuncio. \u00abEsa cita conlleva, asimismo, un reconocimiento a nuestra capacidad de organizaci\u00f3n de grandes eventos que, sin duda, marcar\u00e1 un antes y un despu\u00e9s para la imagen internacional de Sevilla, tanto a nivel tur\u00edstico como de ciudad\u00bb, dijo, tras considerar que \u00abtodos los aspectos de este encuentro de directivos y ejecutivos est\u00e1n minuciosamente controlados, y se exige una calidad excepcional como corresponde a la naturaleza de los delegados y la reputaci\u00f3n que tiene la WTTC\u00bb. La delegaci\u00f3n espa\u00f1ola cont\u00f3 tambi\u00e9n con el apoyo de empresarios de la ciudad como Enrique Ybarra, CEO de City Sightseeing, que se involucr\u00f3 desde un principio en el proceso. Sin poder contener la alegr\u00eda por la designaci\u00f3n, asegur\u00f3 en declaraciones a ABC que \u00abha sido un trabajo de m\u00e1s de un a\u00f1o\u00bb. A su juicio, \u00abla buena propuesta que ha presentado la ciudad ha sido determinante para su elecci\u00f3n\u00bb, pues ten\u00eda factores en contra como fuertes rivales y el hecho de que nunca se haya celebrado dos veces en el mismo pa\u00eds. Ybarra se mostr\u00f3 convencido de que \u00abva a ser algo incre\u00edble, es la cumbre m\u00e1s importante en el mundo del sector tur\u00edstico, porque la celebra una instituci\u00f3n en la que s\u00f3lo est\u00e1n presidentes y CEO de las compa\u00f1\u00edas de turismo y de todas las grandes aerol\u00edneas, las grandes cadenas hoteleras, los operadores y cuentan con apoyos de multinacionales como Cocacola, Google o IBM\u00bb. El empresario sevillano record\u00f3 que \u00abson todos los que toman decisiones en las compa\u00f1\u00edas tanto para las inversiones como para las estrategias de futuro y tenerlos en Sevilla es todo un lujo\u00bb. Igualmente destac\u00f3 la importancia de que \u00abtodo el mundo se involucre en la organizaci\u00f3n, porque es una responsabilidad del sector p\u00fablico, pero tambi\u00e9n del sector privado, que debe aportar\u00bb. \u00abSi hay unidad, se podr\u00e1 organizar la mejor experiencia que hayan tenido, porque hoy se venden experiencias, no billetes de avi\u00f3n ni estancias en hoteles\u00bb, dijo el responsable de City Sightseeing, que lo ve como \u00abuna oportunidad de oro\u00bb.<br \/>\nVia: <a href=\"http:\/\/sevilla.abc.es\/sevilla\/sevi-no-cumbre-mas-cita-excelencia-sector-201804192243_noticia.html\" target=\"_blank\">\u00abNo es una cumbre m\u00e1s, es la cita por excelencia del sector\u00bb<\/a><\/p>\n","protected":false},"excerpt":{"rendered":"<p>Muchos meses de trabajo y de establecer contactos, con una presentaci\u00f3n impecable y ajustada a las elevadas exigencias del World Travel &amp; Tourism Council 2019 (WTTC) son las claves de la designaci\u00f3n de Sevilla como sede para la cumbre anual. Esta entidad, que podr\u00eda asemejarse al G-20 del turismo, cerrar\u00e1 [&hellip;]<\/p>\n","protected":false},"author":2,"featured_media":37787,"comment_status":"open","ping_status":"closed","sticky":false,"template":"","format":"standard","meta":{"footnotes":""},"categories":[6],"tags":[],"class_list":["post-37786","post","type-post","status-publish","format-standard","has-post-thumbnail","hentry","category-spanish"],"_links":{"self":[{"href":"https:\/\/theworldwidejournal.com\/index.php?rest_route=\/wp\/v2\/posts\/37786","targetHints":{"allow":["GET"]}}],"collection":[{"href":"https:\/\/theworldwidejournal.com\/index.php?rest_route=\/wp\/v2\/posts"}],"about":[{"href":"https:\/\/theworldwidejournal.com\/index.php?rest_route=\/wp\/v2\/types\/post"}],"author":[{"embeddable":true,"href":"https:\/\/theworldwidejournal.com\/index.php?rest_route=\/wp\/v2\/users\/2"}],"replies":[{"embeddable":true,"href":"https:\/\/theworldwidejournal.com\/index.php?rest_route=%2Fwp%2Fv2%2Fcomments&post=37786"}],"version-history":[{"count":0,"href":"https:\/\/theworldwidejournal.com\/index.php?rest_route=\/wp\/v2\/posts\/37786\/revisions"}],"wp:featuredmedia":[{"embeddable":true,"href":"https:\/\/theworldwidejournal.com\/index.php?rest_route=\/wp\/v2\/media\/37787"}],"wp:attachment":[{"href":"https:\/\/theworldwidejournal.com\/index.php?rest_route=%2Fwp%2Fv2%2Fmedia&parent=37786"}],"wp:term":[{"taxonomy":"category","embeddable":true,"href":"https:\/\/theworldwidejournal.com\/index.php?rest_route=%2Fwp%2Fv2%2Fcategories&post=37786"},{"taxonomy":"post_tag","embeddable":true,"href":"https:\/\/theworldwidejournal.com\/index.php?rest_route=%2Fwp%2Fv2%2Ftags&post=37786"}],"curies":[{"name":"wp","href":"https:\/\/api.w.org\/{rel}","templated":true}]}}