{"id":37935,"date":"1970-01-01T01:00:00","date_gmt":"1970-01-01T00:00:00","guid":{"rendered":"https:\/\/theworldwidejournal.com\/1970\/01\/01\/un-padre-mata-a-punaladas-a-su-hijo-de-nueve-anos-en-balerma\/"},"modified":"1970-01-01T01:00:00","modified_gmt":"1970-01-01T00:00:00","slug":"un-padre-mata-a-punaladas-a-su-hijo-de-nueve-anos-en-balerma","status":"publish","type":"post","link":"https:\/\/theworldwidejournal.com\/?p=37935","title":{"rendered":"Un padre mata a pu\u00f1aladas a su hijo de nueve a\u00f1os en Balerma"},"content":{"rendered":"<p>Agentes de la Guardia Civil investigan la muerte de un ni\u00f1o de nueve a\u00f1os despu\u00e9s de que su padre telefoneara al 061 para informar de que hab\u00eda apu\u00f1alado mortalmente al peque\u00f1o. Los hechos han tenido lugar sobre las 16.00 horas en la calle del Mar. Al parecer, el padre de la v\u00edctima ha sido la persona que ha telefoneado a los equipos de emergencias para indicar que hab\u00eda acabado con la vida de su hijo. El parricidio se ha registrado a eso de las 16.15 horas en un piso situado en el n\u00famero 61 de la calle del Mar de la localidad costera de El Ejido. A su llegado los equipos sanitarios \u00fanicamente han podido certificar el fallecimiento del menor, despu\u00e9s de que todos sus esfuerzos por mantenerle con vida resultasen infructuosos. La madre de la v\u00edctima, as\u00ed como su el hermano del peque\u00f1o, de 12 a\u00f1os, tuvieron que ser evacuados de urgencia al Hospital de Poniente, El Ejido, a tenor de las crisis de ansiedad en las que se hallaban inmersos. Tras conocerse el fatal desenlace, la corporaci\u00f3n municipal de El Ejido, con su presidente, el popular Francisco G\u00f3ngora a la cabeza, hizo p\u00fablica la consternaci\u00f3n y el dolor que sent\u00edan en esos momentos los vecinos de Balerma por el cruel parricidio. El regidor ejidense, que calific\u00f3 de \u00abtr\u00e1gicos\u00bb estos hechos, traslad\u00f3 \u00ablas condolencias a la familia en estos momentos tan duros\u00bb. Adem\u00e1s, anunci\u00f3 la convocatoria de cinco minutos de silencio para la jornada de este s\u00e1bado en el n\u00facleo de poblaci\u00f3n de Balerma en se\u00f1al de duelo.<br \/>\nVia: <a href=\"http:\/\/sevilla.abc.es\/andalucia\/almeria\/sevi-padre-mata-punaladas-hijo-nueve-anos-balerma-201804210755_noticia.html\" target=\"_blank\">Un padre mata a pu\u00f1aladas a su hijo de nueve a\u00f1os en Balerma<\/a><\/p>\n","protected":false},"excerpt":{"rendered":"<p>Agentes de la Guardia Civil investigan la muerte de un ni\u00f1o de nueve a\u00f1os despu\u00e9s de que su padre telefoneara al 061 para informar de que hab\u00eda apu\u00f1alado mortalmente al peque\u00f1o. Los hechos han tenido lugar sobre las 16.00 horas en la calle del Mar. Al parecer, el padre de [&hellip;]<\/p>\n","protected":false},"author":2,"featured_media":37936,"comment_status":"open","ping_status":"closed","sticky":false,"template":"","format":"standard","meta":{"footnotes":""},"categories":[6],"tags":[],"class_list":["post-37935","post","type-post","status-publish","format-standard","has-post-thumbnail","hentry","category-spanish"],"_links":{"self":[{"href":"https:\/\/theworldwidejournal.com\/index.php?rest_route=\/wp\/v2\/posts\/37935","targetHints":{"allow":["GET"]}}],"collection":[{"href":"https:\/\/theworldwidejournal.com\/index.php?rest_route=\/wp\/v2\/posts"}],"about":[{"href":"https:\/\/theworldwidejournal.com\/index.php?rest_route=\/wp\/v2\/types\/post"}],"author":[{"embeddable":true,"href":"https:\/\/theworldwidejournal.com\/index.php?rest_route=\/wp\/v2\/users\/2"}],"replies":[{"embeddable":true,"href":"https:\/\/theworldwidejournal.com\/index.php?rest_route=%2Fwp%2Fv2%2Fcomments&post=37935"}],"version-history":[{"count":0,"href":"https:\/\/theworldwidejournal.com\/index.php?rest_route=\/wp\/v2\/posts\/37935\/revisions"}],"wp:featuredmedia":[{"embeddable":true,"href":"https:\/\/theworldwidejournal.com\/index.php?rest_route=\/wp\/v2\/media\/37936"}],"wp:attachment":[{"href":"https:\/\/theworldwidejournal.com\/index.php?rest_route=%2Fwp%2Fv2%2Fmedia&parent=37935"}],"wp:term":[{"taxonomy":"category","embeddable":true,"href":"https:\/\/theworldwidejournal.com\/index.php?rest_route=%2Fwp%2Fv2%2Fcategories&post=37935"},{"taxonomy":"post_tag","embeddable":true,"href":"https:\/\/theworldwidejournal.com\/index.php?rest_route=%2Fwp%2Fv2%2Ftags&post=37935"}],"curies":[{"name":"wp","href":"https:\/\/api.w.org\/{rel}","templated":true}]}}