{"id":38009,"date":"1970-01-01T01:00:00","date_gmt":"1970-01-01T00:00:00","guid":{"rendered":"https:\/\/theworldwidejournal.com\/1970\/01\/01\/el-ayuntamiento-de-el-ejido-ofrece-casa-a-la-madre-del-menor-asesinado\/"},"modified":"1970-01-01T01:00:00","modified_gmt":"1970-01-01T00:00:00","slug":"el-ayuntamiento-de-el-ejido-ofrece-casa-a-la-madre-del-menor-asesinado","status":"publish","type":"post","link":"https:\/\/theworldwidejournal.com\/?p=38009","title":{"rendered":"El Ayuntamiento de El Ejido ofrece casa a la madre del menor asesinado"},"content":{"rendered":"<p>El Ayuntamiento de El Ejido (Almer\u00eda) ha puesto una vivienda a disposici\u00f3n de la madre de Andrei, el peque\u00f1o de 9 a\u00f1os que muri\u00f3 ayer presuntamente a manos de su padre, quien supuestamente lo apu\u00f1al\u00f3 y posteriormente se entreg\u00f3 a la Guardia Civil en Balerma, El Ejido (Almer\u00eda). \u00abNosotros hemos puesto a disposici\u00f3n de la madre un alojamiento. Evidentemente la casa est\u00e1 precintada y esa disposici\u00f3n durar\u00e1 siempre y cuando exista la necesidad\u00bb, ha dicho el alcalde, Francisco G\u00f3ngora, a los medios en la plaza de la Torre de Balerma. Asimismo, en esta plaza, centenares de vecinos se han concentrado en se\u00f1al de duelo por el menor asesinado. Adem\u00e1s de las autoridades municipales, hasta all\u00ed han acudido las parlamentarias andaluzas Carmen Crespo y Rosal\u00eda Espinosa y la diputada provincial Carmen Bel\u00e9n L\u00f3pez, que se han sumado al dolor de los familiares, amigos, profesores y compa\u00f1eros de clase de la v\u00edctima. G\u00f3ngora ha se\u00f1alado que \u00abes dif\u00edcil concebir o llegar a entender c\u00f3mo un padre puede arrebatar de forma tan cruel la vida a un ni\u00f1o indefenso y peque\u00f1o\u00bb, aunque ha indicado que ello \u00abno nos debe impedir que sigamos adelante confiando, y esperar que todo el peso de la ley caiga sobre el responsable\u00bb. El regidor ha querido, una vez m\u00e1s, trasladar en nombre de todos los ejidenses \u00ablas condolencias a la familia, especialmente a la madre y el hermano, allegados y compa\u00f1eros de la v\u00edctima, en estos momentos tan duros y tr\u00e1gicos para ellos\u00bb. Cabe recordar que el padre del menor se entreg\u00f3 este pasado viernes a la Guardia Civil tras haber llamado a los servicios de emergencias para informar de que hab\u00eda acabado con la vida del ni\u00f1o de nueve a\u00f1os. Fuentes del Instituto Armado han informado a Europa Press este s\u00e1bado de que el detenido previsiblemente no pasar\u00e1 a disposici\u00f3n judicial hasta el pr\u00f3ximo lunes. Igualmente, fuentes de la investigaci\u00f3n y del 061 indicaron que los hechos tuvieron lugar antes de las 16,15 horas del viernes en el n\u00famero 61 de la calle del Mar, cerca del paseo mar\u00edtimo de la localidad costera, si bien el cuerpo sin vida del menor fue levantado poco antes de las 20,00 horas con la llegada de la comitiva judicial. Los primeros datos del siniestro apuntan que el crimen estar\u00eda enmarcado en un presunto parricidio y no en un caso de violencia de g\u00e9nero, seg\u00fan las averiguaciones de la Guardia Civil. El detenido fue conducido hasta el cuartel de la Guardia Civil de Santo Domingo en El Ejido. Hasta el lugar se desplaz\u00f3 un equipo de emergencias sanitario que no pudo hacer nada para salvar la vida del menor y que tuvo que trasladar hasta el Hospital de Poniente de El Ejido a la madre del fallecido y a su hermano, otro menor de doce a\u00f1os, porque ambos sufr\u00edan una severa crisis de ansiedad.<br \/>\nVia: <a href=\"http:\/\/sevilla.abc.es\/andalucia\/almeria\/sevi-ayuntamiento-ejido-pone-casa-disposicion-madre-pequeno-asesinado-201804211755_noticia.html\" target=\"_blank\">El Ayuntamiento de El Ejido ofrece casa a la madre del menor asesinado<\/a><\/p>\n","protected":false},"excerpt":{"rendered":"<p>El Ayuntamiento de El Ejido (Almer\u00eda) ha puesto una vivienda a disposici\u00f3n de la madre de Andrei, el peque\u00f1o de 9 a\u00f1os que muri\u00f3 ayer presuntamente a manos de su padre, quien supuestamente lo apu\u00f1al\u00f3 y posteriormente se entreg\u00f3 a la Guardia Civil en Balerma, El Ejido (Almer\u00eda). \u00abNosotros hemos [&hellip;]<\/p>\n","protected":false},"author":2,"featured_media":38010,"comment_status":"open","ping_status":"closed","sticky":false,"template":"","format":"standard","meta":{"footnotes":""},"categories":[6],"tags":[],"class_list":["post-38009","post","type-post","status-publish","format-standard","has-post-thumbnail","hentry","category-spanish"],"_links":{"self":[{"href":"https:\/\/theworldwidejournal.com\/index.php?rest_route=\/wp\/v2\/posts\/38009","targetHints":{"allow":["GET"]}}],"collection":[{"href":"https:\/\/theworldwidejournal.com\/index.php?rest_route=\/wp\/v2\/posts"}],"about":[{"href":"https:\/\/theworldwidejournal.com\/index.php?rest_route=\/wp\/v2\/types\/post"}],"author":[{"embeddable":true,"href":"https:\/\/theworldwidejournal.com\/index.php?rest_route=\/wp\/v2\/users\/2"}],"replies":[{"embeddable":true,"href":"https:\/\/theworldwidejournal.com\/index.php?rest_route=%2Fwp%2Fv2%2Fcomments&post=38009"}],"version-history":[{"count":0,"href":"https:\/\/theworldwidejournal.com\/index.php?rest_route=\/wp\/v2\/posts\/38009\/revisions"}],"wp:featuredmedia":[{"embeddable":true,"href":"https:\/\/theworldwidejournal.com\/index.php?rest_route=\/wp\/v2\/media\/38010"}],"wp:attachment":[{"href":"https:\/\/theworldwidejournal.com\/index.php?rest_route=%2Fwp%2Fv2%2Fmedia&parent=38009"}],"wp:term":[{"taxonomy":"category","embeddable":true,"href":"https:\/\/theworldwidejournal.com\/index.php?rest_route=%2Fwp%2Fv2%2Fcategories&post=38009"},{"taxonomy":"post_tag","embeddable":true,"href":"https:\/\/theworldwidejournal.com\/index.php?rest_route=%2Fwp%2Fv2%2Ftags&post=38009"}],"curies":[{"name":"wp","href":"https:\/\/api.w.org\/{rel}","templated":true}]}}