{"id":38151,"date":"1970-01-01T01:00:00","date_gmt":"1970-01-01T00:00:00","guid":{"rendered":"https:\/\/theworldwidejournal.com\/1970\/01\/01\/el-independentismo-catalan-fragua-un-sindicato-a-su-medida-basado-en-lab\/"},"modified":"1970-01-01T01:00:00","modified_gmt":"1970-01-01T00:00:00","slug":"el-independentismo-catalan-fragua-un-sindicato-a-su-medida-basado-en-lab","status":"publish","type":"post","link":"https:\/\/theworldwidejournal.com\/?p=38151","title":{"rendered":"El independentismo catal\u00e1n fragua un sindicato a su medida basado en LAB"},"content":{"rendered":"<p>El \u00abproc\u00e9s\u00bb soberanista ha convulsionado el terreno pol\u00edtico pero el sindical no se ha librado. La ambig\u00fcedad con la que las dos grandes centrales UGT y CC.OO. han abordado los acontecimientos pol\u00edticos en Catalu\u00f1a se ha saldado con una doble fuga de afiliados: unos hacia opciones de tipo constitucionalista, como es el caso del sindicato CSIF, y otros, por el motivo contrario, hacia una central de marcada tendencia radical como la minoritaria Intersindical-CSC que preside Carles Sastre, exmilitante de Terra Lluire y condenado por la Audiencia Nacional a 48 a\u00f1os de prisi\u00f3n por el asesinato de Jos\u00e9 Mar\u00eda Bult\u00f3 (1977). En Sastre han puesto sus esperanzas los movimientos independentistas con el objetivo \u00faltimo de dar forma a un sindicato propio al estilo de LAB en el Pa\u00eds Vasco con el que acelerar la penetraci\u00f3n en los centros de trabajo catalanes, ahora controlados de forma mayoritaria por UGT y CC.OO. El activismo pol\u00edtico de Carles Sastre es induscutible. Convoc\u00f3 la huelga general del pasado 8 de noviembre en Catalu\u00f1a en protesta por la \u00abregresi\u00f3n de derechos sociales\u00bb, un paro en realidad pol\u00edtico, y que supuso la puesta de largo de los Comit\u00e9s de Defensa de la Rep\u00fablica (CDR); y es el hombre al que se\u00f1ala con el dedo el mundo empresarial en Catalu\u00f1a, temeroso de que el secesionismo acabe tambi\u00e9n por contaminar el mundo de las relaciones laborales. Peque\u00f1os, pero en alza Aunque proporcionalmente su crecimiento ha sido destacado desde que estallara el \u00abproc\u00e9s\u00bb, su central apenas copa un 0,49% de la representatividad frente a m\u00e1s del 80% que suman UGT y CC.OO, y cuenta con unos 3.000 afiliados frente a los m\u00e1s de 100.000 de cada una de las centrales mayoritarias. Han crecido de manera importante, y lo esperan hacer a\u00fan m\u00e1s durante este 2018 y 2019 en los que est\u00e1 convocado el grueso de las elecciones sindicales. Con todo, su impacto sigue siendo m\u00e1s pol\u00edtico que sindical. De hecho, este es en realidad su objetivo, denuncian desde los sindicatos tradicionales, que pese a no renunciar a posicionarse pol\u00edticamente \u2013de ah\u00ed en parte las tensiones internas\u2013, reivindican su trabajo al margen de los partidos. \u00abNo queremos ser correa de transmisi\u00f3n de nadie\u00bb, apunta a ABC Montse Ros, secretaria de organizaci\u00f3n y portavoz de CC.OO. en Catalu\u00f1a. En la misma l\u00ednea se expresa a este diario Mat\u00edas Carnero, presidente de UGT en la comunidad, quien, como Ros, se\u00f1ala que el posicionamiento de las dos centrales con respecto al \u00abproc\u00e9s\u00bb es en realidad un reflejo de lo que es la sociedad catalana. Uno y otro consideran improbable que en Catalu\u00f1a llegue a imponerse un mapa sindical como el del Pa\u00eds Vasco. El independentismo, en cualquier caso, s\u00ed ha trabajado en esa direcci\u00f3n, tratando de imponer lo que ya hace a\u00f1os defin\u00edan como un \u00abmarco laboral propio\u00bb. La CUP, tanto a trav\u00e9s de la Intersindical como de la Coordinadora Obrera Sindical (COS) y del SEPC (sindicato de estudiantes), y ERC de manera m\u00e1s ambivalente, as\u00ed lo han hecho. Subvenciones ama\u00f1adas De hecho, a los republicanos, de manera burda, ya se les vieron las intenciones cuando en 2009, en tiempos del tripartito, el \u00e1rea de Juventud controlada por ERC concedi\u00f3 la mitad de las subvenciones dadas a las ramas juveniles de las centrales a la Intersindical, cuando su representatividad no llegaba al 0,5%. ERC premiaba as\u00ed con 247 euros cada delegado de la I-CSC frente a los 2,87% de CC.OO. o los 3,11% de UGT. Tras las denuncias interpuestas, el reparto de subvenciones posterior se ajust\u00f3 a la proporcionalidad, al menos que se tenga conocimiento. ERC y el independentismo, coinciden fuentes pol\u00edticas y sindicales, ha jugado siempre a dos bandas, aunque en los \u00faltimos a\u00f1os ha optado por la estrategia, m\u00e1s eficaz por lo que se ha visto, de penetrar en los sindicatos tradicionales. El secretario general de la UGT, Camil Ros, viene de ese partido \u2013hace t\u00e1ndem con Carnero, presidente, para nada independentista, en el mejor ejemplo de equilibrio interno\u2013, mientras que las exconsejeras Dolors Bassa (ERC) \u2013ahora en prisi\u00f3n preventiva\u2013 y Neus Munt\u00e9 (PDECat) proceden de la UGT. En el caso de Comisiones Obreras, una reciente encuesta interna apuntaba que un 40% de sus afiliados ten\u00eda simpat\u00edas por el independentismo frente al 43% que se declaraba federalista. Desde Fomento del Trabajo se prefiere no posicionarse sobre una central, la Intersindical, que se considera ultraminoritaria, y se limitan a recordar cu\u00e1l es la posici\u00f3n de la empresa catalana, apuntando que llevaron a los tribunales la huelga general del 8 de noviembre convocada por I-CSC y la CGT, que consideran que tuvo una intencionalidad pol\u00edtica, algo que es ilegal en Espa\u00f1a. Aunque la suspensi\u00f3n cautelar del paro no fue aceptada, este mi\u00e9rcoles el TSJCcelebra la vista para determinar si ese paro fue ilegal. Fuga de afiliados: 70 bajas de la \u00abmani\u00bb Si bien con unas cifras que consideran no significativas, las direcciones de CC.OO. y UGTs\u00ed reconocen que se ha producido una doble fuga de afiliados, pero minimizan su importancia. En el caso de CC.OO, se cifra en 550 las bajas por motivos pol\u00edticos a lo largo de 2017, \u00abde las cuales la mitad, por que nos consideran demasiado tibios con el proceso, y la otra mitad por lo contrario\u00bb, explica a ABC Montse Ros. Aunque UGTno facilita cifras, fuentes sindicales apuntan a un n\u00famero similar. El apoyo de CC.OO. y UGTa la manifestaci\u00f3n en favor de la libertad de la c\u00fapula separatista del domingo 15 en Barcelona, convocada junto a ANC y \u00d2mnium, encendi\u00f3 de nuevo el debate. En estas dos semanas transcurridas, CC.OO. reconoce unas 70 bajas de afiliados, descontentos en este caso con la alineaci\u00f3n del sindicato con las fuerzas independentistas. \u00abCualquier baja, aunque sea una, nos duele, pero es falso decir que el sindicato est\u00e9 partido. Las decisiones se toman por unanimidad. El sindicato no se rompe\u00bb, insiste Ros a este diario. Rivera se da de baja de UGT En la misma l\u00ednea, Carnero (UGT) se suma a la defensa que tambi\u00e9n hace Ros de los dos sindicatos como uno&hellip;<br \/>\nVia: <a href=\"http:\/\/www.abc.es\/economia\/abci-independentismo-catalan-fragua-sindicato-medida-inspirado-201804221928_noticia.html\" target=\"_blank\">El independentismo catal\u00e1n fragua un sindicato a su medida basado en LAB<\/a><\/p>\n","protected":false},"excerpt":{"rendered":"<p>El \u00abproc\u00e9s\u00bb soberanista ha convulsionado el terreno pol\u00edtico pero el sindical no se ha librado. La ambig\u00fcedad con la que las dos grandes centrales UGT y CC.OO. han abordado los acontecimientos pol\u00edticos en Catalu\u00f1a se ha saldado con una doble fuga de afiliados: unos hacia opciones de tipo constitucionalista, como [&hellip;]<\/p>\n","protected":false},"author":2,"featured_media":0,"comment_status":"open","ping_status":"closed","sticky":false,"template":"","format":"standard","meta":{"footnotes":""},"categories":[6],"tags":[],"class_list":["post-38151","post","type-post","status-publish","format-standard","hentry","category-spanish"],"_links":{"self":[{"href":"https:\/\/theworldwidejournal.com\/index.php?rest_route=\/wp\/v2\/posts\/38151","targetHints":{"allow":["GET"]}}],"collection":[{"href":"https:\/\/theworldwidejournal.com\/index.php?rest_route=\/wp\/v2\/posts"}],"about":[{"href":"https:\/\/theworldwidejournal.com\/index.php?rest_route=\/wp\/v2\/types\/post"}],"author":[{"embeddable":true,"href":"https:\/\/theworldwidejournal.com\/index.php?rest_route=\/wp\/v2\/users\/2"}],"replies":[{"embeddable":true,"href":"https:\/\/theworldwidejournal.com\/index.php?rest_route=%2Fwp%2Fv2%2Fcomments&post=38151"}],"version-history":[{"count":0,"href":"https:\/\/theworldwidejournal.com\/index.php?rest_route=\/wp\/v2\/posts\/38151\/revisions"}],"wp:attachment":[{"href":"https:\/\/theworldwidejournal.com\/index.php?rest_route=%2Fwp%2Fv2%2Fmedia&parent=38151"}],"wp:term":[{"taxonomy":"category","embeddable":true,"href":"https:\/\/theworldwidejournal.com\/index.php?rest_route=%2Fwp%2Fv2%2Fcategories&post=38151"},{"taxonomy":"post_tag","embeddable":true,"href":"https:\/\/theworldwidejournal.com\/index.php?rest_route=%2Fwp%2Fv2%2Ftags&post=38151"}],"curies":[{"name":"wp","href":"https:\/\/api.w.org\/{rel}","templated":true}]}}