{"id":38152,"date":"1970-01-01T01:00:00","date_gmt":"1970-01-01T00:00:00","guid":{"rendered":"https:\/\/theworldwidejournal.com\/1970\/01\/01\/la-generalitat-catalana-lider-en-disparar-el-gasto-en-sueldos-publicos\/"},"modified":"1970-01-01T01:00:00","modified_gmt":"1970-01-01T00:00:00","slug":"la-generalitat-catalana-lider-en-disparar-el-gasto-en-sueldos-publicos","status":"publish","type":"post","link":"https:\/\/theworldwidejournal.com\/?p=38152","title":{"rendered":"La Generalitat catalana, l\u00edder en disparar el gasto en sueldos p\u00fablicos"},"content":{"rendered":"<p>La Generalitat catalana es la Administraci\u00f3n regional que m\u00e1s ha disparado sus gastos de personal en los cuatro \u00faltimos a\u00f1os. En tasa porcentual solo le aventaja Baleares -y por poco-, pero hay que tener en cuenta que en cifras absolutas el Gobierno balear se gasta en sueldos la d\u00e9cima parte que el catal\u00e1n. Pese a su espinosa situaci\u00f3n financiera, la Generalitat ha elevado sus costes de personal un 14,6% desde el a\u00f1o 2013. El \u00abm\u00e9rito\u00bb se lo han repartido entre Puigdemont y Artur Mas. Entre 2013 y 2015, con Artur Mas al frente de la Generalitat, el sector p\u00fablico catal\u00e1n aument\u00f3 sus gastos de personal en casi 900 millones de euros -en 2013 se dej\u00f3 en sueldos 10.226 millones, frente a los 11.121 millones de 2015-. Y con Puigdemont, entre 2016 y 2017, esa \u00abfactura\u00bb engord\u00f3 en otros 600 millones. El a\u00f1o pasado, el sector p\u00fablico catal\u00e1n se gast\u00f3 en sueldos 11.723 millones. En cifra absoluta solo le super\u00f3 Andaluc\u00eda, con 13.253 millones -esta regi\u00f3n tiene un 11% m\u00e1s habitantes que Catalu\u00f1a-. El sector p\u00fablico andaluz ha sido el tercero que m\u00e1s ha aumentado el gasto de personal desde 2013, un 10,9%, solo por detr\u00e1s de Catalu\u00f1a, Baleares, Comunidad Valenciana y Arag\u00f3n. En c\u00f3mputo global, el a\u00f1o pasado el sector p\u00fablico de las autonom\u00edas consumi\u00f3 74.800 millones de euros en pagar sueldos, casi 7.000 millones m\u00e1s que en 2013.<br \/>\nVia: <a href=\"http:\/\/www.abc.es\/economia\/abci-generalitat-catalana-lider-disparar-gasto-sueldos-publicos-201804230253_noticia.html\" target=\"_blank\">La Generalitat catalana, l\u00edder en disparar el gasto en sueldos p\u00fablicos<\/a><\/p>\n","protected":false},"excerpt":{"rendered":"<p>La Generalitat catalana es la Administraci\u00f3n regional que m\u00e1s ha disparado sus gastos de personal en los cuatro \u00faltimos a\u00f1os. En tasa porcentual solo le aventaja Baleares -y por poco-, pero hay que tener en cuenta que en cifras absolutas el Gobierno balear se gasta en sueldos la d\u00e9cima parte [&hellip;]<\/p>\n","protected":false},"author":2,"featured_media":38153,"comment_status":"open","ping_status":"closed","sticky":false,"template":"","format":"standard","meta":{"footnotes":""},"categories":[6],"tags":[],"class_list":["post-38152","post","type-post","status-publish","format-standard","has-post-thumbnail","hentry","category-spanish"],"_links":{"self":[{"href":"https:\/\/theworldwidejournal.com\/index.php?rest_route=\/wp\/v2\/posts\/38152","targetHints":{"allow":["GET"]}}],"collection":[{"href":"https:\/\/theworldwidejournal.com\/index.php?rest_route=\/wp\/v2\/posts"}],"about":[{"href":"https:\/\/theworldwidejournal.com\/index.php?rest_route=\/wp\/v2\/types\/post"}],"author":[{"embeddable":true,"href":"https:\/\/theworldwidejournal.com\/index.php?rest_route=\/wp\/v2\/users\/2"}],"replies":[{"embeddable":true,"href":"https:\/\/theworldwidejournal.com\/index.php?rest_route=%2Fwp%2Fv2%2Fcomments&post=38152"}],"version-history":[{"count":0,"href":"https:\/\/theworldwidejournal.com\/index.php?rest_route=\/wp\/v2\/posts\/38152\/revisions"}],"wp:featuredmedia":[{"embeddable":true,"href":"https:\/\/theworldwidejournal.com\/index.php?rest_route=\/wp\/v2\/media\/38153"}],"wp:attachment":[{"href":"https:\/\/theworldwidejournal.com\/index.php?rest_route=%2Fwp%2Fv2%2Fmedia&parent=38152"}],"wp:term":[{"taxonomy":"category","embeddable":true,"href":"https:\/\/theworldwidejournal.com\/index.php?rest_route=%2Fwp%2Fv2%2Fcategories&post=38152"},{"taxonomy":"post_tag","embeddable":true,"href":"https:\/\/theworldwidejournal.com\/index.php?rest_route=%2Fwp%2Fv2%2Ftags&post=38152"}],"curies":[{"name":"wp","href":"https:\/\/api.w.org\/{rel}","templated":true}]}}