{"id":38228,"date":"1970-01-01T01:00:00","date_gmt":"1970-01-01T00:00:00","guid":{"rendered":"https:\/\/theworldwidejournal.com\/1970\/01\/01\/la-sentencia-de-la-manada-se-conocera-el-jueves-a-las-13-horas\/"},"modified":"1970-01-01T01:00:00","modified_gmt":"1970-01-01T00:00:00","slug":"la-sentencia-de-la-manada-se-conocera-el-jueves-a-las-13-horas","status":"publish","type":"post","link":"https:\/\/theworldwidejournal.com\/?p=38228","title":{"rendered":"La sentencia de La Manada se conocer\u00e1 el jueves a las 13 horas"},"content":{"rendered":"<p>Despu\u00e9s de 5 meses de espera, ya hay fecha para la lectura de la sentencia de la presunta agresi\u00f3n sexual a una joven en los Sanfermines de 2016, el caso conocido como el de \u2018La Manada\u2019. El presidente de la Secci\u00f3n Segunda de la Audiencia de Navarra, Jos\u00e9 Francisco Cobo dar\u00e1 lectura a la sentencia el pr\u00f3ximo jueves 26 a las 13 horas. Ese d\u00eda se sabr\u00e1 si el tribunal, formado por tres jueces, considera que hubo agresi\u00f3n sexual en el portal n\u00famero 5 de la calle Paulino Caballero de Pamplona cuando la madrugada del 7 de julio de 2016, la presunta v\u00edctima denunci\u00f3 haber sido forzada a mantener relaciones sexuales con un grupo de cinco j\u00f3venes sevillanos que en un grupo de whatsapp se hac\u00edan llamar \u2018La Manada\u2019. La fiscal\u00eda y las acusaciones particulares y populares solicitan penas que suman entre 22 y 25 a\u00f1os de c\u00e1rcel por un delito de agresi\u00f3n sexual, delito de robo y delito contra la intimidad. Las defensas de los cinco acusados, por su parte, solicitan la absoluci\u00f3n de los j\u00f3venes porque consideran que hubo consentimiento por parte de la presunta v\u00edctima. Algunas fuentes cercanas al caso consideran que el hecho de que la lectura sea en audiencia p\u00fablica puede significar que la sentencia sea condenatoria, aunque se desconoce el grado de pena que se les puede aplicar. Aunque no suele ser habitual en la Sala Segunda de la Audiencia de Navarra, el tribunal ha decidido avisar con tres d\u00edas de antelaci\u00f3n para dar tiempo a las partes a personarse en Pamplona. Tampoco suele ser habitual que este tribunal haga la lectura de las sentencias en vista p\u00fablica. Sin embargo, el inter\u00e9s medi\u00e1tico que despert\u00f3 el caso desde el primer minuto y la pol\u00e9mica surgida por la decisi\u00f3n de celebrar el juicio a puerta cerrada ha hecho que los magistrados decidieran hacer la lectura en vista p\u00fablica. Seg\u00fan informa el Tribunal Superior de Justicia de Navarra, en la vista p\u00fablica no estar\u00e1n presentes los acusados y tampoco se podr\u00e1n tomar im\u00e1genes de la misma. Tan s\u00f3lo estar\u00e1 el tribunal, los abogados de las distintas partes y los periodistas. No obstante, todo apunta a que la lectura del pr\u00f3ximo jueves no ponga punto final al caso ya que en estos meses de espera todas las partes han mostrado su intenci\u00f3n de recurrir. Si salen culpables, las defensas pedir\u00e1n recurrir para exigir su absoluci\u00f3n. Si salen inocentes o con una pena reducida, las acusaciones recurrir\u00e1n para solicitar que cumplan la pena solicitada por cada una. Adem\u00e1s, si se cumple lo que se ha visto hasta ahora con diferentes recursos presentados por las defensas, es posible que en la sentencia haya un voto particular. Uno de los magistrados ha defendido siempre que no hab\u00eda motivos suficientes para mantener en prisi\u00f3n a los j\u00f3venes si bien no les exim\u00eda de posibles responsabilidades. La Sala Segunda de la Audiencia Provincial de Navarra ya hab\u00eda adelantado, seg\u00fan avanz\u00f3 hoy el programa Las Ma\u00f1anas de la 1, que avisar\u00eda a las partes con 48 horas de antelaci\u00f3n. La Sala estaba pendiente de decidir sobre si se hac\u00eda entrega personal de la sentencia a todas las partes reuni\u00e9ndolas en un despacho u oficina de la Audiencia Provincial o realizar\u00eda una lectura para las partes y los periodistas en una vista p\u00fablica. Finalmente ser\u00e1 en vista p\u00fablica, seg\u00fan han confirmado a ABC fuentes cercanas al caso. La presunta agresi\u00f3n sexual de La Manada es uno de los casos que m\u00e1s expectaci\u00f3n ha levantado en Espa\u00f1a en los \u00faltimos a\u00f1os. La sentencia acumula ya una espera de casi 5 meses desde que el 28 de noviembre qued\u00f3 visto para sentencia. Esta tardanza no ha hecho m\u00e1s que alimentar la expectaci\u00f3n por la repercusi\u00f3n que tuvo el caso, en plenos Sanfermines, y por la presunta participaci\u00f3n de cinco personas. A su vez, esto provoca que los tres jueces que conforman la Sala Segunda quieran ser muy minuciosos en la explicaci\u00f3n de la sentencia, por lo que se prev\u00e9 que sea extensa. Adem\u00e1s, se baraja la posibilidad de que haya un voto particular, lo que alarga el tiempo de redacci\u00f3n de la sentencia. En los diferentes recursos anteriores presentados por las defensas para que sus clientes fueran puestos en libertad provisional el magistrado Ricardo Gonz\u00e1lez siempre se mostr\u00f3 favorable a esta posibilidad, al contrario de lo que pensaban sus dos compa\u00f1eros de la Sala Segunda.<br \/>\nVia: <a href=\"http:\/\/www.abc.es\/sociedad\/abci-tribunal-avisara-48-horas-antes-hacer-publica-sentencia-manada-201804231101_noticia.html\" target=\"_blank\">La sentencia de La Manada se conocer\u00e1 el jueves a las 13 horas<\/a><\/p>\n","protected":false},"excerpt":{"rendered":"<p>Despu\u00e9s de 5 meses de espera, ya hay fecha para la lectura de la sentencia de la presunta agresi\u00f3n sexual a una joven en los Sanfermines de 2016, el caso conocido como el de \u2018La Manada\u2019. El presidente de la Secci\u00f3n Segunda de la Audiencia de Navarra, Jos\u00e9 Francisco Cobo [&hellip;]<\/p>\n","protected":false},"author":2,"featured_media":38229,"comment_status":"open","ping_status":"closed","sticky":false,"template":"","format":"standard","meta":{"footnotes":""},"categories":[6],"tags":[],"class_list":["post-38228","post","type-post","status-publish","format-standard","has-post-thumbnail","hentry","category-spanish"],"_links":{"self":[{"href":"https:\/\/theworldwidejournal.com\/index.php?rest_route=\/wp\/v2\/posts\/38228","targetHints":{"allow":["GET"]}}],"collection":[{"href":"https:\/\/theworldwidejournal.com\/index.php?rest_route=\/wp\/v2\/posts"}],"about":[{"href":"https:\/\/theworldwidejournal.com\/index.php?rest_route=\/wp\/v2\/types\/post"}],"author":[{"embeddable":true,"href":"https:\/\/theworldwidejournal.com\/index.php?rest_route=\/wp\/v2\/users\/2"}],"replies":[{"embeddable":true,"href":"https:\/\/theworldwidejournal.com\/index.php?rest_route=%2Fwp%2Fv2%2Fcomments&post=38228"}],"version-history":[{"count":0,"href":"https:\/\/theworldwidejournal.com\/index.php?rest_route=\/wp\/v2\/posts\/38228\/revisions"}],"wp:featuredmedia":[{"embeddable":true,"href":"https:\/\/theworldwidejournal.com\/index.php?rest_route=\/wp\/v2\/media\/38229"}],"wp:attachment":[{"href":"https:\/\/theworldwidejournal.com\/index.php?rest_route=%2Fwp%2Fv2%2Fmedia&parent=38228"}],"wp:term":[{"taxonomy":"category","embeddable":true,"href":"https:\/\/theworldwidejournal.com\/index.php?rest_route=%2Fwp%2Fv2%2Fcategories&post=38228"},{"taxonomy":"post_tag","embeddable":true,"href":"https:\/\/theworldwidejournal.com\/index.php?rest_route=%2Fwp%2Fv2%2Ftags&post=38228"}],"curies":[{"name":"wp","href":"https:\/\/api.w.org\/{rel}","templated":true}]}}