{"id":38299,"date":"1970-01-01T01:00:00","date_gmt":"1970-01-01T00:00:00","guid":{"rendered":"https:\/\/theworldwidejournal.com\/1970\/01\/01\/el-pacto-de-toledo-sin-recetas-un-ano-y-medio-despues\/"},"modified":"1970-01-01T01:00:00","modified_gmt":"1970-01-01T00:00:00","slug":"el-pacto-de-toledo-sin-recetas-un-ano-y-medio-despues","status":"publish","type":"post","link":"https:\/\/theworldwidejournal.com\/?p=38299","title":{"rendered":"El Pacto de Toledo, sin recetas un a\u00f1o y medio despu\u00e9s"},"content":{"rendered":"<p>Las protestas en las calles y los mensajes apocal\u00edpticos sobre el futuro de las pensiones han conseguido eclipsar la imperiosa necesidad de acometer reformas para un sistema que cerr\u00f3 el pasado a\u00f1o con un d\u00e9ficit de 18.800 millones de euros. La Coordinadora Estatal en Defensa del Sistema P\u00fablico de Pensiones, siglas en las que est\u00e1n representados Podemos, En Marea y colectivos como los Yayoflautas est\u00e1n agitando, junto a UGT y CC.OO., a los jubilados en las calles para pedir que los incrementos de las pensiones vuelvan a vincularse al IPC y, por tanto, sean superiores al 0,25%, el porcentaje de subida aplicado en los \u00faltimos cinco a\u00f1os. Y mientras las pensiones vuelven a la arena pol\u00edtica, el Pacto de Toledo marca sus propios tiempos. El reloj del comienzo de los trabajos se puso en marcha en noviembre de 2016 y desde entonces sus se\u00f1or\u00edas han escuchado las recetas de pol\u00edticos, empresarios, sindicatos, aut\u00f3nomos y economistas sobre c\u00f3mo debe ser la reforma que apuntale la sostenibilidad de las pensiones. Desde que comenzaron los trabajos de renovaci\u00f3n de los acuerdos planeaban sobre la negociaci\u00f3n varios escollos que hoy siguen entorpeciendo la negociaci\u00f3n. El principal es el eje de la reforma: la separaci\u00f3n de fuentes de financiaci\u00f3n. Es decir, qu\u00e9 deben pagar las cotizaciones y qu\u00e9 los impuestos. Pero la presi\u00f3n de la protestas ha forzado que el Congreso analice una revisi\u00f3n del mecanismo de revalorizaci\u00f3n de las pensiones. El poder adquisitivo de las pensiones enreda a la comisi\u00f3n del Congreso La oposici\u00f3n en bloque pide ahora que las rentas de los jubilados vuelvan a indexarse a la inflaci\u00f3n, una f\u00f3rmula que se aplic\u00f3 en los a\u00f1os noventa y que la reforma de 2013 sustituy\u00f3 por el \u00cdndice de Revalorizaci\u00f3n que lleva aplic\u00e1ndose desde 2015 y liga la subidas de las n\u00f3nimas a la salud de la Seguridad Social. En ejercicios anteriores la inflaci\u00f3n interanual registrada en noviembre serv\u00eda para ajustar el alza aplicada en enero con el fin de que los pensionistas no perdieran poder adquisitivo. El coste generado por esas revalorizaciones, derivado de las desviaciones de la inflaci\u00f3n respecto a las previsiones iniciales, provoc\u00f3 elevadas facturas adicionales para el sistema en el pasado, lo que provoc\u00f3 el cambio en el m\u00e9todo de c\u00e1lculo, desligado de los precios. Pese a la escalada del gasto, los pensionistas son el colectivo m\u00e1s mimado en las nuevas cuentas, tras las protestas en las calles. Para m\u00e1s de seis millones de jubilados se traz\u00f3 un alza mayor al 0,25% este a\u00f1o. De esta forma, las prestaciones de m\u00e1s de 6 millones de jubilados se elevar\u00e1n entre un 1% y un 3% seg\u00fan su nivel de renta, lo que tendr\u00e1 un coste para las cuentas de mil millones de euros. Para m\u00e1s de 2,8 millones de pensionistas el alza en sus n\u00f3minas ser\u00e1 del 3%, porcentaje en el que ya se incluye el 0,25% aprobado con car\u00e1cter general.<br \/>\nVia: <a href=\"http:\/\/www.abc.es\/economia\/abci-pacto-toledo-sin-recetas-y-medio-despues-201804240211_noticia.html\" target=\"_blank\">El Pacto de Toledo, sin recetas un a\u00f1o y medio despu\u00e9s<\/a><\/p>\n","protected":false},"excerpt":{"rendered":"<p>Las protestas en las calles y los mensajes apocal\u00edpticos sobre el futuro de las pensiones han conseguido eclipsar la imperiosa necesidad de acometer reformas para un sistema que cerr\u00f3 el pasado a\u00f1o con un d\u00e9ficit de 18.800 millones de euros. La Coordinadora Estatal en Defensa del Sistema P\u00fablico de Pensiones, [&hellip;]<\/p>\n","protected":false},"author":2,"featured_media":38300,"comment_status":"open","ping_status":"closed","sticky":false,"template":"","format":"standard","meta":{"footnotes":""},"categories":[6],"tags":[],"class_list":["post-38299","post","type-post","status-publish","format-standard","has-post-thumbnail","hentry","category-spanish"],"_links":{"self":[{"href":"https:\/\/theworldwidejournal.com\/index.php?rest_route=\/wp\/v2\/posts\/38299","targetHints":{"allow":["GET"]}}],"collection":[{"href":"https:\/\/theworldwidejournal.com\/index.php?rest_route=\/wp\/v2\/posts"}],"about":[{"href":"https:\/\/theworldwidejournal.com\/index.php?rest_route=\/wp\/v2\/types\/post"}],"author":[{"embeddable":true,"href":"https:\/\/theworldwidejournal.com\/index.php?rest_route=\/wp\/v2\/users\/2"}],"replies":[{"embeddable":true,"href":"https:\/\/theworldwidejournal.com\/index.php?rest_route=%2Fwp%2Fv2%2Fcomments&post=38299"}],"version-history":[{"count":0,"href":"https:\/\/theworldwidejournal.com\/index.php?rest_route=\/wp\/v2\/posts\/38299\/revisions"}],"wp:featuredmedia":[{"embeddable":true,"href":"https:\/\/theworldwidejournal.com\/index.php?rest_route=\/wp\/v2\/media\/38300"}],"wp:attachment":[{"href":"https:\/\/theworldwidejournal.com\/index.php?rest_route=%2Fwp%2Fv2%2Fmedia&parent=38299"}],"wp:term":[{"taxonomy":"category","embeddable":true,"href":"https:\/\/theworldwidejournal.com\/index.php?rest_route=%2Fwp%2Fv2%2Fcategories&post=38299"},{"taxonomy":"post_tag","embeddable":true,"href":"https:\/\/theworldwidejournal.com\/index.php?rest_route=%2Fwp%2Fv2%2Ftags&post=38299"}],"curies":[{"name":"wp","href":"https:\/\/api.w.org\/{rel}","templated":true}]}}