{"id":38368,"date":"1970-01-01T01:00:00","date_gmt":"1970-01-01T00:00:00","guid":{"rendered":"https:\/\/theworldwidejournal.com\/1970\/01\/01\/colau-sobre-manuel-valls-barcelona-no-se-merece-tener-segundos-platos\/"},"modified":"1970-01-01T01:00:00","modified_gmt":"1970-01-01T00:00:00","slug":"colau-sobre-manuel-valls-barcelona-no-se-merece-tener-segundos-platos","status":"publish","type":"post","link":"https:\/\/theworldwidejournal.com\/?p=38368","title":{"rendered":"Colau, sobre Manuel Valls: \u00abBarcelona no se merece tener segundos platos\u00bb"},"content":{"rendered":"<p>El acercamiento de Manuel Valls a la pol\u00edtica barcelonesa sigue provocando las cr\u00edticas de los l\u00edderes municipales. La alcaldesa de Barcelona, Ada Colau, ha vuelto a referirse hoy a la cuesti\u00f3n, preguntada por periodistas, y ha asegurado tajantemente que la capital catalana no merece &#8220;segundos platos, sino candidatos que conozcan la ciudad y que tengan Barcelona como prioridad&#8221;. Tanto en declaraciones en RAC1 como posteriormente al final de una rueda de prensa sobre vivienda social, la alcaldesa ha asegurado que &#8220;sorprende que se vaya a buscar un candidato en el extrajero&#8221; y ha destacado que Valls &#8220;lleva much\u00edsimos a\u00f1os de vida pol\u00edtica en Francia&#8221; y que su carrera pol\u00edtica &#8220;ha fracasado, por cierto&#8221;. La alcaldesa ha se\u00f1alado que Valls &#8220;no ha estado pisando la calle, no conoce la situaci\u00f3n de los barrios ni las problem\u00e1ticas actuales. Parece que es un tipo de candidatura que en Barcelona no parece muy adecuado&#8221;, ha sentenciado Colau. Adem\u00e1s, se ha referido al hecho de que &#8220;es evidente que Ciudadanos ha ganado votos alimentando el conflicto entre Catalu\u00f1a y Espa\u00f1a; es con esto y nada m\u00e1s que han conseguido votos. Es una estrategia totalmente err\u00f3nea&#8221;. La alcaldesa, a pesar de todo, ha dejado claro su absoluto respeto por todo proceso de candidaturas municipales que pueda hacerse de cara a las elecciones de mayo de 2019. Valls, mientras, sigue sin confirmar si se adentra en la pol\u00edtica municipal: ayer en un acto en Barcelona volvi\u00f3 a mostrarse interesado en la capital catalana pero sin detallar su futuro pol\u00edtico. Amenaza con llevar los desahucios a De la Serna Por otro lado, la alcaldesa ha amenazado con llevar los miles expedientes de los desahucios en viviendas en la capital catalana al despacho del ministro de Fomento, \u00cd\u00f1igo de la Serna, si el Gobierno central del PP &#8220;persiste en facilitar los desahucios y el ministro se muestra alejado de la realidad&#8221;. En una rueda de prensa para presentar el balance de la Unidad Contra la Exclusi\u00f3n Residencial (Ucer) de 2017, Colau ha criticado en\u00e9rgicamente que el Congreso aborde este mismo martes una ley impulsada por PP, Cs y PDeCAT &#8220;para acelerar a\u00fan m\u00e1s los desahucios sin distinguir entre familias vulnerables, peque\u00f1os propietarios y grandes propietarios&#8221;, seg\u00fan recoge Ep. En este sentido, ha exigido al Gobierno pasar de los 467 millones anuales que se destinan a pol\u00edticas de vivienda en toda Espa\u00f1a a los 2.000 millones; impulsar una reforma fiscal que ponga fin a las sociedades que especulan con el mercado de alquiler, y la reforma de la Ley de Arrendamientos Urbanos (LAU) para que las viviendas vac\u00edas se cedan a alquiler social. &#8220;Es una obligaci\u00f3n de todas las administraciones garantizar el derecho a la vivienda&#8221;, y ha asegurado que el Ayuntamiento hace todo lo que est\u00e1 en sus manos para aumentar el parque de alquiler asequible y las ayudas al alquiler, entre otras medidas, y ha lamentado que el Gobierno ha recortado un 77% la partida en vivienda.<br \/>\nVia: <a href=\"http:\/\/www.abc.es\/espana\/catalunya\/barcelona\/abci-colau-sobre-manuel-valls-barcelona-no-merece-segundos-platos-201804241325_noticia.html\" target=\"_blank\">Colau, sobre Manuel Valls: \u00abBarcelona no se merece tener segundos platos\u00bb<\/a><\/p>\n","protected":false},"excerpt":{"rendered":"<p>El acercamiento de Manuel Valls a la pol\u00edtica barcelonesa sigue provocando las cr\u00edticas de los l\u00edderes municipales. La alcaldesa de Barcelona, Ada Colau, ha vuelto a referirse hoy a la cuesti\u00f3n, preguntada por periodistas, y ha asegurado tajantemente que la capital catalana no merece &#8220;segundos platos, sino candidatos que conozcan [&hellip;]<\/p>\n","protected":false},"author":2,"featured_media":38369,"comment_status":"open","ping_status":"closed","sticky":false,"template":"","format":"standard","meta":{"footnotes":""},"categories":[6],"tags":[],"class_list":["post-38368","post","type-post","status-publish","format-standard","has-post-thumbnail","hentry","category-spanish"],"_links":{"self":[{"href":"https:\/\/theworldwidejournal.com\/index.php?rest_route=\/wp\/v2\/posts\/38368","targetHints":{"allow":["GET"]}}],"collection":[{"href":"https:\/\/theworldwidejournal.com\/index.php?rest_route=\/wp\/v2\/posts"}],"about":[{"href":"https:\/\/theworldwidejournal.com\/index.php?rest_route=\/wp\/v2\/types\/post"}],"author":[{"embeddable":true,"href":"https:\/\/theworldwidejournal.com\/index.php?rest_route=\/wp\/v2\/users\/2"}],"replies":[{"embeddable":true,"href":"https:\/\/theworldwidejournal.com\/index.php?rest_route=%2Fwp%2Fv2%2Fcomments&post=38368"}],"version-history":[{"count":0,"href":"https:\/\/theworldwidejournal.com\/index.php?rest_route=\/wp\/v2\/posts\/38368\/revisions"}],"wp:featuredmedia":[{"embeddable":true,"href":"https:\/\/theworldwidejournal.com\/index.php?rest_route=\/wp\/v2\/media\/38369"}],"wp:attachment":[{"href":"https:\/\/theworldwidejournal.com\/index.php?rest_route=%2Fwp%2Fv2%2Fmedia&parent=38368"}],"wp:term":[{"taxonomy":"category","embeddable":true,"href":"https:\/\/theworldwidejournal.com\/index.php?rest_route=%2Fwp%2Fv2%2Fcategories&post=38368"},{"taxonomy":"post_tag","embeddable":true,"href":"https:\/\/theworldwidejournal.com\/index.php?rest_route=%2Fwp%2Fv2%2Ftags&post=38368"}],"curies":[{"name":"wp","href":"https:\/\/api.w.org\/{rel}","templated":true}]}}